{"id":765,"date":"2014-01-22T14:43:02","date_gmt":"2014-01-22T17:43:02","guid":{"rendered":"http:\/\/blog.scielo.org\/es\/?p=765"},"modified":"2016-01-15T16:36:44","modified_gmt":"2016-01-15T18:36:44","slug":"el-espacio-de-los-blogs-scielo-en-perspectiva-en-2014","status":"publish","type":"post","link":"https:\/\/blog.scielo.org\/es\/2014\/01\/22\/el-espacio-de-los-blogs-scielo-en-perspectiva-en-2014\/","title":{"rendered":"El espacio de los blogs SciELO en Perspectiva en 2014"},"content":{"rendered":"<p><strong>Por Abel L. Packer<\/strong><\/p>\n<p><img loading=\"lazy\" decoding=\"async\" class=\"alignright size-full wp-image-767\" src=\"http:\/\/blog.scielo.org\/es\/wp-content\/uploads\/sites\/3\/2014\/01\/editorial_jan2014_es.png\" alt=\"\" width=\"237\" height=\"314\" srcset=\"https:\/\/blog.scielo.org\/es\/wp-content\/uploads\/sites\/3\/2014\/01\/editorial_jan2014_es.png 237w, https:\/\/blog.scielo.org\/es\/wp-content\/uploads\/sites\/3\/2014\/01\/editorial_jan2014_es-226x300.png 226w\" sizes=\"auto, (max-width: 237px) 100vw, 237px\" \/>El Programa SciELO comenz\u00f3 en julio de 2013 la publicaci\u00f3n del blog SciELO en Perspectiva con dos objetivos principales. El primero es promover, analizar y debatir temas contempor\u00e1neos de la comunicaci\u00f3n cient\u00edfica y su impacto en el desarrollo de las revistas que indexa y publica. El segundo es difundir, comentar y debatir los art\u00edculos publicados por las revistas SciELO, con el fin de aumentar la visibilidad y, m\u00e1s espec\u00edficamente, las investigaciones que publican, en las respectivas comunidades de investigadores y de la sociedad en general, aprovechando el car\u00e1cter interactivo de divulgaci\u00f3n de los blogs como un medio de publicaci\u00f3n.<\/p>\n<p>El uso de las redes como medio de difusi\u00f3n asociadas a las revistas viene siendo promovido por SciELO en los \u00faltimos dos a\u00f1os. La perspectiva es seguir la tendencia internacional del uso de herramientas, sistemas y plataformas como Blogs, Twitter, Facebook, Mendely, Academia.edu, etc., que de modo general se basan y explotan el potencial de las comunidades y las facilidades de la Web para ampliar la divulgaci\u00f3n, el intercambio de informaci\u00f3n y el debate de ideas. Al mismo tiempo esa comunicaci\u00f3n viene generando muevas m\u00e9tricas sobre la influencia que alcanzan las nuevas investigaciones. Estas altmetr\u00edas permiten ampliar los medios y mecanismos de evaluaci\u00f3n de la contribuci\u00f3n, influencia e impacto de las investigaciones, complementando los m\u00e9todos e indicadores bibliom\u00e9tricos cl\u00e1sicos. De hecho, estos medios son operados cada vez m\u00e1s por las editoriales, las revistas, sociedades cient\u00edficas as\u00ed como las instituciones e investigadores individuales.<\/p>\n<p>Inicialmente el blog de SciELO cumpli\u00f3 dos objetivos espec\u00edficos en 2013. El primero fue divulgar la Conferencia SciELO 15 A\u00f1os y los temas principales de su programaci\u00f3n para lo cual se realiz\u00f3 un programa de entrevistas con varios conferencistas. El segundo fue aprender la operaci\u00f3n de un blog institucional de car\u00e1cter cient\u00edfico y desarrollar una metodolog\u00eda de gesti\u00f3n editorial con el objetivo de operar nuevas secciones del blog dedicadas a \u00e1reas tem\u00e1ticas.<\/p>\n<p>El primer blog tem\u00e1tico lanzado fue <i>SciELO em Perspectiva &#8211; Humanas<\/i> con el objetivo de promover los nuevos n\u00fameros as\u00ed como noticias y temas importantes relacionados con las revistas de ciencias sociales, humanidades y sociales aplicadas. El blog fue lanzado en la Conferencia SciELO 15 A\u00f1os despu\u00e9s de un amplio proceso de consulta con los editores de las revistas consideradas y elecci\u00f3n entre ellos del Comit\u00e9 Editorial.<\/p>\n<p>Para 2014, el espacio de blogs de SciELO se desarrollar\u00e1 en dos l\u00edneas prioritarias de acci\u00f3n. La primera es la de fortalecer la operaci\u00f3n del blog en general sobre temas de comunicaci\u00f3n cient\u00edfica y el blog de humanas. La segunda es promover junto a las otras \u00e1reas cient\u00edficas de SciELO la creaci\u00f3n y operaci\u00f3n de nuevos blogs tem\u00e1ticos.<\/p>\n<p>Entre los temas principales actuales de comunicaci\u00f3n cient\u00edfica el blog abordar\u00e1 el avance internacional del acceso abierto, las nuevas plataformas de publicaci\u00f3n adem\u00e1s de los modelos cl\u00e1sicos de revistas, el uso de las redes sociales y las nuevas m\u00e9tricas, las metodolog\u00edas, tecnolog\u00edas y servicios que favorecen la profesionalizaci\u00f3n, internacionalizaci\u00f3n y sustentabilidad de las revistas, la publicaci\u00f3n de los datos de las investigaciones, pol\u00edticas p\u00fablicas de comunicaci\u00f3n cient\u00edfica, etc.<\/p>\n<p>El fortalecimiento del blog de humanas requerir\u00e1 la participaci\u00f3n progresiva de la mayor\u00eda de las revistas sea con la simple difusi\u00f3n de los nuevos n\u00fameros que publican o por medio de una participaci\u00f3n m\u00e1s efectiva del blog para discutir temas que movilizan a las respectivas comunidades cient\u00edficas.<\/p>\n<p>Pero la creaci\u00f3n de nuevos blogs tem\u00e1ticos requiere la b\u00fasqueda de un consenso m\u00ednimo entre los editores de revistas en el sentido de crear y operar espacios comunes de divulgaci\u00f3n en la perspectiva que la convergencia y el trabajo cooperativo traer\u00e1n una masa cr\u00edtica de contenidos y lectores que beneficiar\u00e1n a todos.<\/p>\n<p>La adopci\u00f3n de las redes sociales, aunque cada vez m\u00e1s aceptable, todav\u00eda representa un gran desaf\u00edo por sus peculiaridades y exigencias de nuevos recursos y responsabilidades. Sin embargo, esperamos que con el trabajo cooperativo el espacio de blogs SciELO en Perspectiva podremos minimizar los esfuerzos y maximizar los rendimientos.<\/p>\n<p>2014 ser\u00e1 un a\u00f1o decisivo para la adopci\u00f3n de las redes sociales para todos los miembros y usuarios de SciELO.<\/p>\n<p>&nbsp;<\/p>\n<p>Traducido del original en\u00a0<a href=\"http:\/\/blog.scielo.org\/blog\/2014\/01\/22\/o-espaco-dos-blogs-scielo-em-perspectiva-em-2014\/\">portugu\u00e9s<\/a>\u00a0por Ernesto Spinak.<\/p>\n","protected":false},"excerpt":{"rendered":"<p>El a\u00f1o 2014 ser\u00e1 decisivo para el desarrollo del espacio de blogs de SciELO. Las prioridades ser\u00e1n fortalecer el blog general sobre temas contempor\u00e1neos de comunicaci\u00f3n cient\u00edfica, ampliar la participaci\u00f3n de las revistas de Ciencias Humanas y abrir nuevos blogs tem\u00e1ticos. <span class=\"ellipsis\">&hellip;<\/span> <span class=\"more-link-wrap\"><a href=\"https:\/\/blog.scielo.org\/es\/2014\/01\/22\/el-espacio-de-los-blogs-scielo-en-perspectiva-en-2014\/\" class=\"more-link\"><span>Read More &rarr;<\/span><\/a><\/span><\/p>\n","protected":false},"author":5,"featured_media":766,"comment_status":"open","ping_status":"open","sticky":false,"template":"","format":"standard","meta":{"om_disable_all_campaigns":false,"_monsterinsights_skip_tracking":false,"_monsterinsights_sitenote_active":false,"_monsterinsights_sitenote_note":"","_monsterinsights_sitenote_category":0,"footnotes":"","_links_to":"","_links_to_target":""},"categories":[3,42],"tags":[9,34],"class_list":["post-765","post","type-post","status-publish","format-standard","has-post-thumbnail","hentry","category-analisis","category-editoriales","tag-red-scielo","tag-redes-sociales"],"aioseo_notices":[],"_links":{"self":[{"href":"https:\/\/blog.scielo.org\/es\/wp-json\/wp\/v2\/posts\/765","targetHints":{"allow":["GET"]}}],"collection":[{"href":"https:\/\/blog.scielo.org\/es\/wp-json\/wp\/v2\/posts"}],"about":[{"href":"https:\/\/blog.scielo.org\/es\/wp-json\/wp\/v2\/types\/post"}],"author":[{"embeddable":true,"href":"https:\/\/blog.scielo.org\/es\/wp-json\/wp\/v2\/users\/5"}],"replies":[{"embeddable":true,"href":"https:\/\/blog.scielo.org\/es\/wp-json\/wp\/v2\/comments?post=765"}],"version-history":[{"count":3,"href":"https:\/\/blog.scielo.org\/es\/wp-json\/wp\/v2\/posts\/765\/revisions"}],"predecessor-version":[{"id":1523,"href":"https:\/\/blog.scielo.org\/es\/wp-json\/wp\/v2\/posts\/765\/revisions\/1523"}],"wp:featuredmedia":[{"embeddable":true,"href":"https:\/\/blog.scielo.org\/es\/wp-json\/wp\/v2\/media\/766"}],"wp:attachment":[{"href":"https:\/\/blog.scielo.org\/es\/wp-json\/wp\/v2\/media?parent=765"}],"wp:term":[{"taxonomy":"category","embeddable":true,"href":"https:\/\/blog.scielo.org\/es\/wp-json\/wp\/v2\/categories?post=765"},{"taxonomy":"post_tag","embeddable":true,"href":"https:\/\/blog.scielo.org\/es\/wp-json\/wp\/v2\/tags?post=765"}],"curies":[{"name":"wp","href":"https:\/\/api.w.org\/{rel}","templated":true}]}}