{"id":5763,"date":"2025-06-11T11:15:21","date_gmt":"2025-06-11T14:15:21","guid":{"rendered":"https:\/\/blog.scielo.org\/es\/?p=5763"},"modified":"2025-07-18T13:43:03","modified_gmt":"2025-07-18T16:43:03","slug":"produccion-cientifica-indigena","status":"publish","type":"post","link":"https:\/\/blog.scielo.org\/es\/2025\/06\/11\/produccion-cientifica-indigena\/","title":{"rendered":"Producci\u00f3n cient\u00edfica ind\u00edgena: lenguas originarias y autoidentificaci\u00f3n \u00e9tnica en Repositorios Institucionales"},"content":{"rendered":"<p><strong>Por Luciana Gracioso, Caroline Periotto, Felipe Arakaki, Luzia Costa, y Jair de Jesus Massa (Desana)<\/strong><\/p>\n<div id=\"attachment_5764\" style=\"width: 310px\" class=\"wp-caption alignright\"><a href=\"http:\/\/blog.scielo.org\/es\/wp-content\/uploads\/sites\/3\/2025\/06\/Imagem1.png\" target=\"_blank\" rel=\"noopener\"><img loading=\"lazy\" decoding=\"async\" aria-describedby=\"caption-attachment-5764\" class=\"wp-image-5764 size-medium\" title=\"Fotograf\u00eda de Lennon Ferreira Corezoma\u00e9 (Umutina Bala Tipon\u00e9), el primer ind\u00edgena en completar una maestr\u00eda en la UFSCar, en su ceremonia de graduaci\u00f3n. Uso de la imagen autorizado por Lennon Ferreira Corezom\u00e9.\" src=\"http:\/\/blog.scielo.org\/es\/wp-content\/uploads\/sites\/3\/2025\/06\/Imagem1-300x223.png\" alt=\"Fotograf\u00eda de Lennon Ferreira Corezoma\u00e9 (Umutina Bala Tipon\u00e9), el primer ind\u00edgena en completar una maestr\u00eda en la UFSCar, en su ceremonia de graduaci\u00f3n. Uso de la imagen autorizado por Lennon Ferreira Corezom\u00e9.\" width=\"300\" height=\"223\" srcset=\"https:\/\/blog.scielo.org\/es\/wp-content\/uploads\/sites\/3\/2025\/06\/Imagem1-300x223.png 300w, https:\/\/blog.scielo.org\/es\/wp-content\/uploads\/sites\/3\/2025\/06\/Imagem1.png 413w\" sizes=\"auto, (max-width: 300px) 100vw, 300px\" \/><\/a><p id=\"caption-attachment-5764\" class=\"wp-caption-text\"><em>Imagen: Lidiane Volpi\/UFSCar (uso autorizado)<\/em><\/p><\/div>\n<p>Durante la Asamblea General de las Naciones Unidas de 2019, se proclam\u00f3 el Decenio Internacional de las Lenguas Ind\u00edgenas (2022-2032), lo que resalt\u00f3 la urgencia de formular pol\u00edticas p\u00fablicas destinadas a reconocer, valorar y preservar las lenguas ind\u00edgenas a escala global. En Brasil, esta directriz internacional result\u00f3 en la creaci\u00f3n de un Grupo de Trabajo (GT) nacional sobre el tema en 2021.<\/p>\n<p>El 10 de abril de 2025, representantes de pueblos ind\u00edgenas y miembros de este GT se reunieron en la Carpa Multitem\u00e1tica durante la reuni\u00f3n denominada \u201cCultivando las Lenguas Ind\u00edgenas para el Futuro Ancestral\u201d, donde se redact\u00f3 la <a href=\"https:\/\/www.decadalinguasindigenasbr.com\/carta-da-decada-internacional-das-linguas-indigenas-no-brasil-no-atl-2025\/\" target=\"_blank\" rel=\"noopener\"><em>Carta da D\u00e9cada Internacional das L\u00ednguas Ind\u00edgenas no Brasil no Acampamento Terra Livre (ATL) 2025<\/em><\/a>,<a id=\"nt1\" href=\"#rf1\"><sup>1<\/sup><\/a> un documento que establece expl\u00edcitamente los compromisos asumidos colectivamente en defensa de la diversidad ling\u00fc\u00edstica.<\/p>\n<p>Este movimiento es particularmente relevante en Brasil, pa\u00eds que alberga una de las mayores diversidades ling\u00fc\u00edsticas del mundo, con m\u00e1s de 270 lenguas ind\u00edgenas a\u00fan vivas, habladas por alrededor de 305 pueblos diferentes. A pesar de esta riqueza, las lenguas ind\u00edgenas siguen vi\u00e9ndose fuertemente afectadas por los efectos simb\u00f3licos y estructurales del colonialismo, lo que compromete su visibilidad p\u00fablica y su legitimidad epistemol\u00f3gica e institucional.<\/p>\n<p>Si bien la Constituci\u00f3n Federal de 1988 (art. 231) reconoce los derechos ling\u00fc\u00edsticos de los pueblos ind\u00edgenas, los avances concretos en este \u00e1mbito han sido hist\u00f3ricamente lentos y aislados. Solo en los \u00faltimos a\u00f1os han comenzado a surgir acciones m\u00e1s sistem\u00e1ticas, como la creaci\u00f3n del <a href=\"https:\/\/direitolinguistico.com.br\/repositorio\/s\/rbll\/page\/home\" target=\"_blank\" rel=\"noopener\"><em>Reposit\u00f3rio Brasileiro de Legisla\u00e7\u00f5es Lingu\u00edsticas<\/em> (RBLL)<\/a> y la traducci\u00f3n de la Constituci\u00f3n Federal al Nheengatu, una de las lenguas cooficiales ya reconocidas localmente. Aun as\u00ed, menos de una docena de los m\u00e1s de cinco mil municipios brasile\u00f1os reconocen oficialmente una lengua ind\u00edgena como cooficial.<\/p>\n<p>Otro avance reciente es el derecho al registro de nombres ind\u00edgenas, garantizado por la <a href=\"https:\/\/atos.cnj.jus.br\/files\/compilado1257572024121767617555896ed.pdf\" target=\"_blank\" rel=\"noopener\">Resoluci\u00f3n Conjunta n\u00ba 3\/2012 del Consejo Nacional de Justicia (CNJ)<\/a><a id=\"nt2\" href=\"#rf2\"><sup>2<\/sup><\/a> y el Consejo Nacional del Ministerio P\u00fablico (CNMP), que autoriza a las oficinas de registro a registrar nombres en lenguas ind\u00edgenas, con la posibilidad de incluir el grupo \u00e9tnico de origen, tanto en los certificados de nacimiento como en los procesos de rectificaci\u00f3n. Con la actualizaci\u00f3n de la Resoluci\u00f3n <a href=\"https:\/\/atos.cnj.jus.br\/files\/original115411202412176761666363a39.pdf\" target=\"_blank\" rel=\"noopener\">n\u00ba 12\/2024<\/a>,<a id=\"nt3\" href=\"#rf3\"><sup>3<\/sup><\/a> estas posibilidades se ampliaron y simplificaron, garantizando un mayor respeto por la identidad y la cultura de los pueblos ind\u00edgenas.<\/p>\n<p>En este contexto, es fundamental que los sistemas acad\u00e9micos tambi\u00e9n incorporen esos avances, garantizando que los investigadores ind\u00edgenas sean reconocidos por sus nombres originales y que sus producciones cient\u00edficas puedan representarse a partir de las lenguas y cosmolog\u00edas de sus respectivos pueblos.<\/p>\n<p>En este escenario, la investigaci\u00f3n aplicada y experimental que aqu\u00ed se presenta, desarrollada en la Universidad Federal de S\u00e3o Carlos (UFSCar), se enmarca en el objetivo de crear e implementar campos de metadatos espec\u00edficos en el Repositorio Institucional de la Universidad. La iniciativa busca garantizar que la producci\u00f3n cient\u00edfica ind\u00edgena, en claro crecimiento en la educaci\u00f3n superior brasile\u00f1a, est\u00e9 fielmente representada, respetando sus propias formas de autor\u00eda, expresi\u00f3n y enunciaci\u00f3n.<\/p>\n<p>La propuesta se alinea con los <a href=\"https:\/\/www.gida-global.org\/care\" target=\"_blank\" rel=\"noopener\">Principios CARE<\/a><a id=\"nt4\" href=\"#rf4\"><sup>4<\/sup><\/a> (<em>Collective Benefit, Authority to Control, Responsibility, Ethics<\/em>, Beneficio Colectivo, Autoridad para Controlar, Responsabilidad, \u00c9tica), que gu\u00edan la Gobernanza de Datos Ind\u00edgenas, seg\u00fan lo establecido por la <em>Global Indigenous Data Alliance<\/em>. Estos principios buscan promover pr\u00e1cticas de gesti\u00f3n de datos m\u00e1s \u00e9ticas, responsables y sensibles a las especificidades de las comunidades ind\u00edgenas.<\/p>\n<p>Como resultado de la investigaci\u00f3n, se cre\u00f3 un campo espec\u00edfico para indicar la etnia o el pueblo al que pertenecen los estudiantes autores ind\u00edgenas. Adem\u00e1s, se actualizaron los dem\u00e1s campos del Repositorio con directrices que permiten la inserci\u00f3n de metadatos en lenguas ind\u00edgenas. En el campo de autor\u00eda, tambi\u00e9n se reforz\u00f3 la posibilidad de incluir a m\u00faltiples autores ind\u00edgenas, respetando la coautor\u00eda colectiva y sus propias formas de producci\u00f3n de conocimiento.<\/p>\n<p>La inclusi\u00f3n y los ajustes de los campos se probaron inicialmente de forma experimental, demostrando ser t\u00e9cnicamente viables y relevantes para aumentar la visibilidad y el reconocimiento de las lenguas ind\u00edgenas y la autor\u00eda en el ecosistema cient\u00edfico. Una vez finalizada la fase de prueba, los nuevos metadatos se incorporar\u00e1n efectivamente al Repositorio en 2025, consolid\u00e1ndose como un mecanismo para el registro de la producci\u00f3n cient\u00edfica ind\u00edgena.<\/p>\n<p>Cabe destacar que esta construcci\u00f3n surge de una demanda de la propia comunidad acad\u00e9mica ind\u00edgena de la UFSCar. Desde 2008, la UFSCar realiza un proceso de selecci\u00f3n anual espec\u00edfico para la admisi\u00f3n de estudiantes ind\u00edgenas, ofreciendo una plaza adicional en cada curso de grado. La admisi\u00f3n de estos estudiantes a la Universidad forma parte de las acciones afirmativas instituidas por la UFSCar, seg\u00fan lo decidido por el Consejo Universitario en 2007, y est\u00e1 regulada por la <a href=\"http:\/\/www.acoesafirmativas.ufscar.br\/legislacao-institucional.html\" target=\"_blank\" rel=\"noopener\">Ordenanza GR n\u00ba 695\/07<\/a>,<a id=\"nt5\" href=\"#rf5\"><sup>5<\/sup><\/a> del 6 de junio de 2007.<\/p>\n<p>Desde entonces, estudiantes ind\u00edgenas de m\u00e1s de 60 etnias diferentes han pasado por la UFSCar, en los diferentes cursos de grado y posgrado de la instituci\u00f3n. En 2023, la Universidad registr\u00f3 un n\u00famero r\u00e9cord de solicitudes para este examen de ingreso (3.480 candidatos para 130 vacantes) y actualmente cuenta con alrededor de 300 estudiantes ind\u00edgenas matriculados activamente en cursos de grado, distribuidos en diferentes carreras y campus.<\/p>\n<p>Cabe destacar tambi\u00e9n que la Pol\u00edtica de Acci\u00f3n Afirmativa en Estudios de Posgrado \u2014 UFSCar, implementada en <a href=\"https:\/\/www.saade.ufscar.br\/arquivos\/minuta-2016-inducao-acoes-afirmativas-na-pos-graduacao.pdf\" target=\"_blank\" rel=\"noopener\">2016<\/a> y <a href=\"https:\/\/www.saade.ufscar.br\/arquivos\/politica-de-acoes-afirmativas-pos-graduacao.pdf\" target=\"_blank\" rel=\"noopener\">2020<\/a>, respectivamente, ha contribuido significativamente a la presencia ind\u00edgena en este nivel educativo. Estas cifras reflejan el avance de las pol\u00edticas p\u00fablicas para la democratizaci\u00f3n de la educaci\u00f3n superior y la ciencia en Brasil, impulsadas por hitos como la Ley n\u00ba 12.711\/2012 y por acciones institucionales espec\u00edficas para el acceso y la permanencia.<\/p>\n<p>El crecimiento de la producci\u00f3n cient\u00edfica ind\u00edgena es, por lo tanto, resultado directo de los procesos de inclusi\u00f3n y afirmaci\u00f3n \u00e9tnico-racial en la educaci\u00f3n superior. Este escenario exige que los sistemas de informaci\u00f3n acad\u00e9mica adopten una postura proactiva en la formulaci\u00f3n de estrategias adecuadas para la representaci\u00f3n, el archivo y la difusi\u00f3n de estas producciones. Este es un paso esencial para que el campo cient\u00edfico reconozca y valore no solo las contribuciones intelectuales ind\u00edgenas, sino tambi\u00e9n sus propias formas de nombrar, narrar y construir conocimiento.<\/p>\n<p>A continuaci\u00f3n, se presentan las ampliaciones realizadas a los metadatos del Repositorio Institucional de la UFSCar.<\/p>\n<p>&nbsp;<\/p>\n<table>\n<tbody>\n<tr>\n<td style=\"background-color: #efeeec;\"><strong>Campo Dublin Core<\/strong><\/td>\n<td style=\"background-color: #efeeec;\"><strong>Nombre del campo<\/strong><\/td>\n<td style=\"background-color: #efeeec;\"><strong>\u00a0Descripci\u00f3n del campo<\/strong><\/td>\n<\/tr>\n<tr>\n<td><strong>dc.contributor.authorethnicity <\/strong><\/td>\n<td>Etnia\/Pueblo del autor<\/p>\n<p>(inclusi\u00f3n del campo)<\/td>\n<td>Cuando corresponda, introduzca la etnia\/pueblo del autor (sin abreviaturas). Use may\u00fasculas solo al principio de las palabras. Ej.: &#8220;Xukur\u00fa do Ororub\u00e1&#8221;. Puede incluir m\u00e1s de una etnia\/pueblo. Para ello, haga clic en el bot\u00f3n &#8220;+ A\u00f1adir m\u00e1s&#8221;.<\/td>\n<\/tr>\n<tr>\n<td><strong>dc.contributor.author <\/strong><\/td>\n<td>Autor<\/p>\n<p>(adecuaci\u00f3n de la descripci\u00f3n para completar el campo)<\/td>\n<td>Introduzca el nombre completo del autor (sin abreviaturas). Use may\u00fasculas solo para las iniciales del nombre y los apellidos.<\/p>\n<p><strong>En caso de un nombre social o ind\u00edgena, utilice el nombre tal como aparece en los sistemas UFSCar<\/strong>. Puede incluir m\u00e1s de un autor. Para ello, haga clic en el bot\u00f3n &#8220;+ A\u00f1adir m\u00e1s&#8221;.<\/td>\n<\/tr>\n<tr>\n<td><strong>dc.description.abstract<\/strong><\/td>\n<td>Resumen en otro idioma<\/p>\n<p>(adecuaci\u00f3n de la descripci\u00f3n a completar en este campo)<\/td>\n<td>Ingrese el resumen del trabajo acad\u00e9mico en otro idioma. Puede incluir m\u00e1s de un resumen en otro idioma. Si el resumen se incluy\u00f3 en portugu\u00e9s en el campo anterior, introd\u00fazcalo en ingl\u00e9s, espa\u00f1ol, lengua ind\u00edgena, etc. en este campo. Para ello, haga clic en el bot\u00f3n &#8220;+ A\u00f1adir m\u00e1s&#8221;.<\/td>\n<\/tr>\n<tr>\n<td><strong>dc.subject<\/strong><\/td>\n<td>Palabras clave<\/p>\n<p>(adecuaci\u00f3n de la descripci\u00f3n a completar en este campo)<\/td>\n<td>Ingrese las palabras clave en portugu\u00e9s y en otros idiomas. Use may\u00fasculas solo al principio de las palabras y en los acr\u00f3nimos. Para agregar una nueva palabra clave, haga clic en el bot\u00f3n &#8220;+ A\u00f1adir m\u00e1s&#8221;.<\/td>\n<\/tr>\n<tr>\n<td><strong>dc.title.alternative<\/strong><\/td>\n<td>T\u00edtulo en otro idioma<\/p>\n<p>(adecuaci\u00f3n de la descripci\u00f3n a completar en este campo)<\/td>\n<td>Ingrese el t\u00edtulo y el subt\u00edtulo en otro idioma. Si el t\u00edtulo se incluy\u00f3 en portugu\u00e9s en el campo anterior, introd\u00fazcalo en ingl\u00e9s, espa\u00f1ol, lengua ind\u00edgena, etc. en este campo. Puedes incluir m\u00e1s de un t\u00edtulo en otro idioma, para ello haz clic en el bot\u00f3n &#8220;+ Agregar m\u00e1s&#8221;.<\/td>\n<\/tr>\n<\/tbody>\n<\/table>\n<p>Fuente: los autores.<\/p>\n<p style=\"text-align: center;\"><strong>Tabla 1. Creaci\u00f3n y descripci\u00f3n de campos de representaci\u00f3n de la lengua ind\u00edgena en la producci\u00f3n cient\u00edfica de autores ind\u00edgenas.<\/strong><\/p>\n<p>&nbsp;<\/p>\n<p>En la interfaz del Repositorio, el registro de res\u00famenes en lengua ind\u00edgena se presenta de la siguiente manera.<\/p>\n<p>&nbsp;<\/p>\n<div id=\"attachment_5766\" style=\"width: 577px\" class=\"wp-caption aligncenter\"><a href=\"http:\/\/blog.scielo.org\/es\/wp-content\/uploads\/sites\/3\/2025\/06\/fig1.png\" target=\"_blank\" rel=\"noopener\"><img loading=\"lazy\" decoding=\"async\" aria-describedby=\"caption-attachment-5766\" class=\"wp-image-5766 size-full\" title=\"Impresi\u00f3n de pantalla de la p\u00e1gina del Repositorio Institucional de la Universidad Federal de S\u00e3o Carlos, mostrando el trabajo de finalizaci\u00f3n del curso &quot;Cuentos y narrativas A'uwe Xavante en di\u00e1logo con la Educaci\u00f3n Especial&quot; con resumen en lengua ind\u00edgena.\" src=\"http:\/\/blog.scielo.org\/es\/wp-content\/uploads\/sites\/3\/2025\/06\/fig1.png\" alt=\"Impresi\u00f3n de pantalla de la p\u00e1gina del Repositorio Institucional de la Universidad Federal de S\u00e3o Carlos, mostrando el trabajo de finalizaci\u00f3n del curso &quot;Cuentos y narrativas A'uwe Xavante en di\u00e1logo con la Educaci\u00f3n Especial&quot; con resumen en lengua ind\u00edgena.\" width=\"567\" height=\"535\" srcset=\"https:\/\/blog.scielo.org\/es\/wp-content\/uploads\/sites\/3\/2025\/06\/fig1.png 567w, https:\/\/blog.scielo.org\/es\/wp-content\/uploads\/sites\/3\/2025\/06\/fig1-300x283.png 300w\" sizes=\"auto, (max-width: 567px) 100vw, 567px\" \/><\/a><p id=\"caption-attachment-5766\" class=\"wp-caption-text\"><em>Imagen: RI UFSCar<\/em><\/p><\/div>\n<p style=\"text-align: center;\"><strong>Figura 1. Ejemplo de interfaz de registro de res\u00famenes y palabras clave en lengua ind\u00edgena en el IR de la UFSCar<\/strong><\/p>\n<p>&nbsp;<\/p>\n<p>En la p\u00e1gina completa del art\u00edculo, tambi\u00e9n se puede observar la inclusi\u00f3n de palabras clave y el t\u00edtulo en lengua ind\u00edgena.<\/p>\n<p>&nbsp;<\/p>\n<div id=\"attachment_5767\" style=\"width: 577px\" class=\"wp-caption aligncenter\"><a href=\"http:\/\/blog.scielo.org\/es\/wp-content\/uploads\/sites\/3\/2025\/06\/fig2.png\" target=\"_blank\" rel=\"noopener\"><img loading=\"lazy\" decoding=\"async\" aria-describedby=\"caption-attachment-5767\" class=\"wp-image-5767 size-full\" title=\"Pantalla de impresi\u00f3n de la p\u00e1gina del Repositorio Institucional de la Universidad Federal de S\u00e3o Carlos, mostrando los metadatos completos del trabajo de finalizaci\u00f3n de curso &quot;Relatos e narrativas A'uwe Xavante em di\u00e1logo com a Educa\u00e7\u00e3o Especial&quot; (Relatos y narrativas A'uwe Xavante en di\u00e1logo con la Educaci\u00f3n Especial) en portugu\u00e9s y lengua ind\u00edgena.\" src=\"http:\/\/blog.scielo.org\/es\/wp-content\/uploads\/sites\/3\/2025\/06\/fig2.png\" alt=\"Pantalla de impresi\u00f3n de la p\u00e1gina del Repositorio Institucional de la Universidad Federal de S\u00e3o Carlos, mostrando los metadatos completos del trabajo de finalizaci\u00f3n de curso &quot;Relatos e narrativas A'uwe Xavante em di\u00e1logo com a Educa\u00e7\u00e3o Especial&quot; (Relatos y narrativas A'uwe Xavante en di\u00e1logo con la Educaci\u00f3n Especial) en portugu\u00e9s y lengua ind\u00edgena.\" width=\"567\" height=\"371\" srcset=\"https:\/\/blog.scielo.org\/es\/wp-content\/uploads\/sites\/3\/2025\/06\/fig2.png 567w, https:\/\/blog.scielo.org\/es\/wp-content\/uploads\/sites\/3\/2025\/06\/fig2-300x196.png 300w\" sizes=\"auto, (max-width: 567px) 100vw, 567px\" \/><\/a><p id=\"caption-attachment-5767\" class=\"wp-caption-text\"><em>Imagen: RI UFSCar<\/em><\/p><\/div>\n<p style=\"text-align: center;\"><strong>Figura 2. Metadatos en lengua ind\u00edgena en la p\u00e1gina completa del art\u00edculo en el RI UFSCar.<\/strong><\/p>\n<p>&nbsp;<\/p>\n<p>Actualmente, el Departamento de Producci\u00f3n Cient\u00edfica del Sistema Integrado de Bibliotecas (DePC\/SIBi) de la UFSCar viene desarrollando iniciativas para orientar a la comunidad acad\u00e9mica sobre el almacenamiento adecuado de la producci\u00f3n cient\u00edfica de estudiantes e investigadores ind\u00edgenas.<\/p>\n<p>Esta iniciativa reafirma la urgencia de reconocer las lenguas y etnias originarias de los autores ind\u00edgenas como dimensiones centrales en la representaci\u00f3n del conocimiento cient\u00edfico original. M\u00e1s que categor\u00edas informativas, estas son expresiones vivas de conocimientos, territorios y existencias que necesitan ser plenamente visibles, legitimadas y respetadas en los sistemas acad\u00e9micos. Es a trav\u00e9s de esta apreciaci\u00f3n que la ciencia puede, de hecho, volverse plural, inclusiva y comprometida con la justicia epist\u00e9mica.<\/p>\n<p>Puede encontrar m\u00e1s informaci\u00f3n sobre esta actividad en el art\u00edculo completo:<\/p>\n<p>PERIOTTO, C., <em>et al<\/em>. Organization and Representation of Indigenous Scientific Production: A Case Study on the Institutional Repository in Brazil. <em>Knowledge Organization<\/em> [online]. 2025, vol. 51, no. 8, pp. 642 \u2013 659 [viewed 6 June 2025]. <a href=\"https:\/\/doi.org\/10.5771\/0943-7444-2024-8-642\" target=\"_blank\" rel=\"noopener\">https:\/\/doi.org\/10.5771\/0943-7444-2024-8-642<\/a>. Available from: <a href=\"https:\/\/www.imrpress.com\/journal\/KO\/51\/8\/10.5771\/0943-7444-2024-8-642\" target=\"_blank\" rel=\"noopener\">https:\/\/www.imrpress.com\/journal\/KO\/51\/8\/10.5771\/0943-7444-2024-8-642<\/a><\/p>\n<h3>Notas<\/h3>\n<p>1. Carta Aberta GT Nacional das L\u00ednguas Ind\u00edgenas no ATL 2025 [online]. D\u00e9cada das L\u00ednguas Ind\u00edgenas no Brasil. 2025 [viewed 6 June 2025]. Available from: <a href=\"https:\/\/www.decadalinguasindigenasbr.com\/carta-da-decada-internacional-das-linguas-indigenas-no-brasil-no-atl-2025\/\" target=\"_blank\" rel=\"noopener\">https:\/\/www.decadalinguasindigenasbr.com\/carta-da-decada-internacional-das-linguas-indigenas-no-brasil-no-atl-2025\/<\/a> <a id=\"rf1\" href=\"#nt1\">\u21a9<\/a><\/p>\n<p>2. <a href=\"https:\/\/atos.cnj.jus.br\/files\/compilado1257572024121767617555896ed.pdf\" target=\"_blank\" rel=\"noopener\">Resolu\u00e7\u00e3o conjunta no 3, de 19 de abril de 2012<\/a> <a id=\"rf2\" href=\"#nt2\">\u21a9<\/a><\/p>\n<p>3. <a href=\"https:\/\/atos.cnj.jus.br\/files\/original115411202412176761666363a39.pdf\" target=\"_blank\" rel=\"noopener\">Resolu\u00e7\u00e3o conjunta n\u00ba 12 de 13 de dezembro de 2024<\/a> <a id=\"rf3\" href=\"#nt3\">\u21a9<\/a><\/p>\n<p>4. <a href=\"https:\/\/www.gida-global.org\/care\" target=\"_blank\" rel=\"noopener\">CARE Principles for Indigenous Data Governance<\/a> <a id=\"rf4\" href=\"#nt4\">\u21a9<\/a><\/p>\n<p>5. <a href=\"http:\/\/www.acoesafirmativas.ufscar.br\/legislacao-institucional.html\" target=\"_blank\" rel=\"noopener\">Legisla\u00e7\u00e3o Institucional \u2014 Programa de A\u00e7\u00f5es Afirmativas da UFSCar<\/a> <a id=\"rf5\" href=\"#nt5\">\u21a9<\/a><\/p>\n<h3>Referencias<\/h3>\n<p>Carta Aberta GT Nacional das L\u00ednguas Ind\u00edgenas no ATL 2025 [online]. D\u00e9cada das L\u00ednguas Ind\u00edgenas no Brasil. 2025 [viewed 6 June 2025]. Available from: <a href=\"https:\/\/www.decadalinguasindigenasbr.com\/carta-da-decada-internacional-das-linguas-indigenas-no-brasil-no-atl-2025\/\" target=\"_blank\" rel=\"noopener\">https:\/\/www.decadalinguasindigenasbr.com\/carta-da-decada-internacional-das-linguas-indigenas-no-brasil-no-atl-2025\/<\/a><\/p>\n<p>Considera\u00e7\u00f5es e sugest\u00f5es relativas a portaria no. 13 do MEC que disp\u00f5e sobre indu\u00e7\u00e3o de a\u00e7\u00f5es afirmativas na p\u00f3s-gradua\u00e7\u00e3o [online]. Universidade Federal de S\u00e3o Carlos. 2016 [viewed 6 June 2025]. Available from: <a href=\"https:\/\/www.saade.ufscar.br\/arquivos\/minuta-2016-inducao-acoes-afirmativas-na-pos-graduacao.pdf\" target=\"_blank\" rel=\"noopener\">https:\/\/www.saade.ufscar.br\/arquivos\/minuta-2016-inducao-acoes-afirmativas-na-pos-graduacao.pdf<\/a><\/p>\n<p>PERIOTTO, C., <em>et al<\/em>. Organization and Representation of Indigenous Scientific Production: A Case Study on the Institutional Repository in Brazil. <em>Knowledge Organization<\/em> [online]. 2025, vol. 51, no. 8, pp. 642 \u2013 659 [viewed 6 June 2025]. <a href=\"https:\/\/doi.org\/10.5771\/0943-7444-2024-8-642\" target=\"_blank\" rel=\"noopener\">https:\/\/doi.org\/10.5771\/0943-7444-2024-8-642<\/a>. Available from: <a href=\"https:\/\/www.imrpress.com\/journal\/KO\/51\/8\/10.5771\/0943-7444-2024-8-642\" target=\"_blank\" rel=\"noopener\">https:\/\/www.imrpress.com\/journal\/KO\/51\/8\/10.5771\/0943-7444-2024-8-642<\/a><\/p>\n<p>Pol\u00edtica de a\u00e7\u00f5es Afirmativas na P\u00f3s-Gradua\u00e7\u00e3o [online]. Universidade Federal de S\u00e3o Carlos. 2020 [viewed 6 June 2025]. Available from: <a href=\"https:\/\/www.saade.ufscar.br\/arquivos\/politica-de-acoes-afirmativas-pos-graduacao.pdf\" target=\"_blank\" rel=\"noopener\">https:\/\/www.saade.ufscar.br\/arquivos\/politica-de-acoes-afirmativas-pos-graduacao.pdf<\/a><\/p>\n<h3>Enalces externos<\/h3>\n<p><a href=\"https:\/\/www.gida-global.org\/care\" target=\"_blank\" rel=\"noopener\">CARE Principles for Indigenous Data Governance<\/a><\/p>\n<p><a href=\"http:\/\/www.acoesafirmativas.ufscar.br\/legislacao-institucional.html\" target=\"_blank\" rel=\"noopener\">Legisla\u00e7\u00e3o Institucional \u2014 Programa de A\u00e7\u00f5es Afirmativas da UFSCar<\/a><\/p>\n<p><a href=\"https:\/\/direitolinguistico.com.br\/repositorio\/s\/rbll\/page\/home\" target=\"_blank\" rel=\"noopener\">Reposit\u00f3rio Brasileiro de Legisla\u00e7\u00f5es Lingu\u00edsticas (RBLL)<\/a><\/p>\n<p><a href=\"https:\/\/atos.cnj.jus.br\/files\/original115411202412176761666363a39.pdf\" target=\"_blank\" rel=\"noopener\">Resolu\u00e7\u00e3o conjunta n\u00ba 12 de 13 de dezembro de 2024<\/a><\/p>\n<p><a href=\"https:\/\/atos.cnj.jus.br\/files\/compilado1257572024121767617555896ed.pdf\" target=\"_blank\" rel=\"noopener\">Resolu\u00e7\u00e3o conjunta no 3, de 19 de abril de 2012<\/a><\/p>\n<p>&nbsp;<\/p>\n<p>Traducido del original en\u00a0<a href=\"https:\/\/blog.scielo.org\/blog\/2025\/06\/06\/producao-cientifica-indigena\/\" target=\"_blank\" rel=\"noopener\">portugu\u00e9s<\/a>\u00a0por Ernesto Spinak.<\/p>\n","protected":false},"excerpt":{"rendered":"<p>UFSCar est\u00e1 implementando una iniciativa innovadora al incluir el campo de la etnicidad\/pueblos ind\u00edgenas en los metadatos del Repositorio Institucional, valorando la autor\u00eda original en la producci\u00f3n cient\u00edfica. Adem\u00e1s de este nuevo campo, los metadatos de t\u00edtulos, palabras clave y res\u00famenes tambi\u00e9n fomentan el uso de lenguas ind\u00edgenas por parte de los estudiantes de investigaci\u00f3n, contribuyendo as\u00ed a la construcci\u00f3n de una ciencia m\u00e1s comprometida con la justicia epist\u00e9mica y la diversidad cultural y ling\u00fc\u00edstica de Brasil. <span class=\"ellipsis\">&hellip;<\/span> <span class=\"more-link-wrap\"><a href=\"https:\/\/blog.scielo.org\/es\/2025\/06\/11\/produccion-cientifica-indigena\/\" class=\"more-link\"><span>Read More &rarr;<\/span><\/a><\/span><\/p>\n","protected":false},"author":128,"featured_media":5765,"comment_status":"open","ping_status":"open","sticky":false,"template":"","format":"standard","meta":{"om_disable_all_campaigns":false,"_monsterinsights_skip_tracking":false,"_monsterinsights_sitenote_active":false,"_monsterinsights_sitenote_note":"","_monsterinsights_sitenote_category":0,"footnotes":"","_links_to":"","_links_to_target":""},"categories":[2],"tags":[63,7,74,41,79],"class_list":["post-5763","post","type-post","status-publish","format-standard","has-post-thumbnail","hentry","category-noticias","tag-ciencia-abierta","tag-comunicacion-cientifica","tag-infraestructura","tag-politicas-publicas","tag-principios-deia"],"aioseo_notices":[],"_links":{"self":[{"href":"https:\/\/blog.scielo.org\/es\/wp-json\/wp\/v2\/posts\/5763","targetHints":{"allow":["GET"]}}],"collection":[{"href":"https:\/\/blog.scielo.org\/es\/wp-json\/wp\/v2\/posts"}],"about":[{"href":"https:\/\/blog.scielo.org\/es\/wp-json\/wp\/v2\/types\/post"}],"author":[{"embeddable":true,"href":"https:\/\/blog.scielo.org\/es\/wp-json\/wp\/v2\/users\/128"}],"replies":[{"embeddable":true,"href":"https:\/\/blog.scielo.org\/es\/wp-json\/wp\/v2\/comments?post=5763"}],"version-history":[{"count":4,"href":"https:\/\/blog.scielo.org\/es\/wp-json\/wp\/v2\/posts\/5763\/revisions"}],"predecessor-version":[{"id":5786,"href":"https:\/\/blog.scielo.org\/es\/wp-json\/wp\/v2\/posts\/5763\/revisions\/5786"}],"wp:featuredmedia":[{"embeddable":true,"href":"https:\/\/blog.scielo.org\/es\/wp-json\/wp\/v2\/media\/5765"}],"wp:attachment":[{"href":"https:\/\/blog.scielo.org\/es\/wp-json\/wp\/v2\/media?parent=5763"}],"wp:term":[{"taxonomy":"category","embeddable":true,"href":"https:\/\/blog.scielo.org\/es\/wp-json\/wp\/v2\/categories?post=5763"},{"taxonomy":"post_tag","embeddable":true,"href":"https:\/\/blog.scielo.org\/es\/wp-json\/wp\/v2\/tags?post=5763"}],"curies":[{"name":"wp","href":"https:\/\/api.w.org\/{rel}","templated":true}]}}