{"id":5692,"date":"2024-11-14T13:45:07","date_gmt":"2024-11-14T16:45:07","guid":{"rendered":"https:\/\/blog.scielo.org\/es\/?p=5692"},"modified":"2024-11-29T16:35:00","modified_gmt":"2024-11-29T19:35:00","slug":"accesibilidad-en-el-programa-pt-2","status":"publish","type":"post","link":"https:\/\/blog.scielo.org\/es\/2024\/11\/14\/accesibilidad-en-el-programa-pt-2\/","title":{"rendered":"Accesibilidad en el Programa SciELO: estado actual y perspectivas de futuro \u2013 Parte 2"},"content":{"rendered":"<p><strong>Por Grupo SciELO Accesibilidad<sup><a id=\"ref1\" href=\"#nota1\">1<\/a><\/sup><\/strong><\/p>\n<h3>Mejoras de acesibilidad en el sitio web de la Colecci\u00f3n SciELO Brasil<\/h3>\n<div id=\"attachment_5696\" style=\"width: 310px\" class=\"wp-caption alignright\"><a href=\"http:\/\/blog.scielo.org\/es\/wp-content\/uploads\/sites\/3\/2024\/11\/hal-gatewood-weRQAu9TA-A-unsplash.jpg\" target=\"_blank\" rel=\"noopener\"><img loading=\"lazy\" decoding=\"async\" aria-describedby=\"caption-attachment-5696\" class=\"wp-image-5696 size-medium\" title=\"Fotograf\u00eda de una ilustraci\u00f3n de pantalla que muestra cuatro maquetas de pantallas de aplicaciones m\u00f3viles.\" src=\"http:\/\/blog.scielo.org\/es\/wp-content\/uploads\/sites\/3\/2024\/11\/hal-gatewood-weRQAu9TA-A-unsplash-300x180.jpg\" alt=\"Fotograf\u00eda de una ilustraci\u00f3n de pantalla que muestra cuatro maquetas de pantallas de aplicaciones m\u00f3viles.\" width=\"300\" height=\"180\" srcset=\"https:\/\/blog.scielo.org\/es\/wp-content\/uploads\/sites\/3\/2024\/11\/hal-gatewood-weRQAu9TA-A-unsplash-300x180.jpg 300w, https:\/\/blog.scielo.org\/es\/wp-content\/uploads\/sites\/3\/2024\/11\/hal-gatewood-weRQAu9TA-A-unsplash-768x461.jpg 768w, https:\/\/blog.scielo.org\/es\/wp-content\/uploads\/sites\/3\/2024\/11\/hal-gatewood-weRQAu9TA-A-unsplash.jpg 800w\" sizes=\"auto, (max-width: 300px) 100vw, 300px\" \/><\/a><p id=\"caption-attachment-5696\" class=\"wp-caption-text\"><em>Imagen: <a href=\"https:\/\/unsplash.com\/pt-br\/fotografias\/ilustracao-de-screenshots-do-aplicativo-do-smartphone-weRQAu9TA-A\">Hal Gatewood<\/a>.<\/em><\/p><\/div>\n<p>A lo largo de sus 26 a\u00f1os de existencia, el mantenimiento recurrente de la interfaz del conjunto de sitios SciELO (portal de la Red SciELO, colecciones nacionales, buscador, etc.) no se realiz\u00f3 de manera conjunta y estandarizada. Realizados de forma fragmentada, los resultados tendieron a no abarcar satisfactoriamente las caracter\u00edsticas consistentes de las interfaces. En consecuencia, los comportamientos de usabilidad y navegabilidad siguieron siendo diferentes al considerar diferentes dispositivos y sistemas operativos (<em>desktop<\/em>, tableta, <em>Android<\/em>, iOS).<\/p>\n<p>Ante esto, SciELO Accesibilidad realiz\u00f3 un estudio piloto para identificar y clasificar las barreras a la accesibilidad presentes en el sitio web de la metodolog\u00eda SciELO. La iniciativa consisti\u00f3 en someter el sitio web SciELO a una evaluaci\u00f3n heur\u00edstica, cuyo m\u00e9todo consiste en inspeccionar y probar la usabilidad y navegabilidad de la interfaz para identificar posibles problemas de accesibilidad.<\/p>\n<p>Estos procedimientos fueron realizados por cuatro profesionales del \u00e1rea de Educaci\u00f3n Especial, dos profesionales con discapacidad visual, usuarios de <em>software<\/em> de lector de pantalla, y un doctor en Ciencias de la Computaci\u00f3n del \u00e1rea de Interacci\u00f3n Humano Computadora (HCI). Usando procedimientos de verificaci\u00f3n manuales (con y sin uso de lectores de pantalla) y electr\u00f3nicos <a href=\"https:\/\/wave.webaim.org\/\" target=\"_blank\" rel=\"noopener\">WAVE <\/a><a href=\"https:\/\/wave.webaim.org\/\" target=\"_blank\" rel=\"noopener\"><em>Web Accessibility Evaluation Tool<\/em><\/a>.<sup><a id=\"ref1\" href=\"#nota2\">2<\/a><\/sup><\/p>\n<p>Los resultados de la evaluaci\u00f3n permitieron identificar y corregir elementos que impactaban cr\u00edticamente en la accesibilidad del sitio web, entre los que se destacan: interfaz no apta para dispositivos m\u00f3viles, falta de contrastes y colores perceptibles para personas dalt\u00f3nicas, fuente inadecuada tama\u00f1o y botones y lectura por lectores de pantalla perjudicados por la falta de jerarqu\u00eda de la informaci\u00f3n.<\/p>\n<p>Las mejoras realizadas a la plataforma se presentan en esta segunda parte del post <a href=\"https:\/\/blog.scielo.org\/es\/2024\/11\/08\/accesibilidad-en-el-programa-pt-1\/\">Accesibilidad en el Programa SciELO: estado actual y perspectivas de futuro \u2013 Parte 1<\/a>.<sup><a id=\"ref3\" href=\"#nota3\">3<\/a><\/sup><\/p>\n<p>Se ajust\u00f3 la capacidad de respuesta de la p\u00e1gina del art\u00edculo, asegurando una buena navegaci\u00f3n en diferentes tama\u00f1os de pantalla del dispositivo. En este proceso, cada uno de los componentes de la interfaz se desarrolla individualmente y los cambios se realizan de forma global. Esta metodolog\u00eda se conoce como sistema de dise\u00f1o. La adaptaci\u00f3n de los componentes de la interfaz fue apoyada por la herramienta de creaci\u00f3n de prototipos visuales <a href=\"https:\/\/www.figma.com\/\" target=\"_blank\" rel=\"noopener\"><em>Figma<\/em><\/a>.<\/p>\n<p>Adem\u00e1s de la capacidad de respuesta, la nueva interfaz de los sitios web de la metodolog\u00eda SciELO ofrecer\u00e1 dos versiones: modo claro, con fondo blanco, y modo nocturno, que utiliza fondo oscuro.<\/p>\n<p>Los sitios web de las colecciones nacionales SciELO est\u00e1n compuestos esencialmente por textos, de ah\u00ed la especial atenci\u00f3n que se prest\u00f3 al tama\u00f1o de las fuentes, teniendo en cuenta la jerarqu\u00eda de la informaci\u00f3n. Se decidi\u00f3 mantener un est\u00e1ndar de 16px para los elementos de la interfaz y 18px para el cuerpo del texto de los art\u00edculos, adem\u00e1s de considerar fuentes <em>sans-serif<\/em> para asegurar fluidez en la lectura en pantalla. Aunque estos son los valores predeterminados, el lector puede aumentar o disminuir el tama\u00f1o de la fuente de los textos para una lectura m\u00e1s c\u00f3moda y una experiencia m\u00e1s personalizada.<\/p>\n<h3>Usabilidad X Accesibilidad<\/h3>\n<p>Considerando la siguiente tabla, basada em <a href=\"https:\/\/careerfoundry.com\/en\/blog\/ux-design\/the-importance-of-usability-and-accessibility-in-design\/#accessibility-vs-usability\" target=\"_blank\" rel=\"noopener\"><em>The Importance of Usability and Accessibility in Design<\/em><\/a>,<sup><a id=\"ref4\" href=\"#nota4\">4<\/a><\/sup> que destaca las diferencias entre accesibilidad y usabilidad, entendemos que la aplicaci\u00f3n de conceptos de sistemas de dise\u00f1o hasta ahora ha tenido como objetivo principal la usabilidad, con el objetivo de estandarizar componentes y mejorar el tiempo de aprendizaje y la finalizaci\u00f3n de tareas.<\/p>\n<table border=\"1\" width=\"100%\" cellspacing=\"0\" cellpadding=\"1%\">\n<tbody>\n<tr style=\"background-color: #efeeec;\">\n<td align=\"center\" valign=\"middle\"><strong>Principales aspectos de usabilidad <\/strong><\/td>\n<td align=\"center\" valign=\"middle\"><strong>Principales aspectos de la accesibilidad <\/strong><\/td>\n<\/tr>\n<tr>\n<td valign=\"middle\"><strong>Facilidad de aprendizaje<\/strong>: la rapidez con la que los usuarios pueden aprender a utilizar una interfaz.<\/td>\n<td valign=\"middle\"><strong>Compatibilidad con lectores de pantalla<\/strong> para personas con discapacidad visual.<\/td>\n<\/tr>\n<tr>\n<td valign=\"middle\"><strong>Eficiencia<\/strong>: la rapidez con la que los usuarios pueden realizar sus tareas.<\/td>\n<td valign=\"middle\"><strong>Teclados y navegaci\u00f3n<\/strong> r\u00e1pida para aquellos que no pueden usar un <em>mouse<\/em>.<\/td>\n<\/tr>\n<tr>\n<td valign=\"middle\"><strong>Memorabilidad<\/strong>: cu\u00e1nto recuerdan los usuarios c\u00f3mo usar la interfaz despu\u00e9s de no usarla por un tiempo.<\/td>\n<td valign=\"middle\"><strong>Subt\u00edtulos y transcripciones<\/strong> de contenidos de audio y v\u00eddeo, al servicio de personas con discapacidad auditiva.<\/td>\n<\/tr>\n<tr>\n<td valign=\"middle\"><strong>Satisfacci\u00f3n<\/strong>: qu\u00e9 tan placentera es la experiencia general.<\/td>\n<td valign=\"middle\"><strong>Contrastes de color<\/strong> adecuados para personas con daltonismo o baja visi\u00f3n.<\/td>\n<\/tr>\n<\/tbody>\n<\/table>\n<p>&nbsp;<\/p>\n<p>Entre los principales puntos de accesibilidad mencionados, el sistema de dise\u00f1o resolvi\u00f3 el adecuado contraste de color, en lo que respecta a botones de navegaci\u00f3n, enlaces e iconograf\u00eda. Elementos como la compatibilidad con lectores de pantalla, teclados, navegaci\u00f3n mediante atajos y el uso de otras tecnolog\u00edas de asistencia a\u00fan deben mejorarse como elementos de la interfaz.<\/p>\n<p>Un punto fuerte y uno de los principales focos del sistema de dise\u00f1o en relaci\u00f3n con la accesibilidad fue la capacidad de respuesta, que se refiere a la adaptaci\u00f3n de la interfaz a diferentes tama\u00f1os de pantalla.<\/p>\n<p>La nueva interfaz de los sitios web de la metodolog\u00eda SciELO tiene puntajes satisfactorios en los principales validadores de accesibilidad, como <a href=\"https:\/\/accessmonitor.acessibilidade.gov.pt\/\" target=\"_blank\" rel=\"noopener\"><em>AccessMonitor<\/em><\/a>,<sup><a id=\"ref5\" href=\"#nota5\">5<\/a><\/sup> adem\u00e1s de seguir recomendaciones internacionales, como el <a href=\"https:\/\/ec.europa.eu\/social\/main.jsp?catId=1202\" target=\"_blank\" rel=\"noopener\"><em>European Accessibility Act<\/em><\/a>.<sup><a id=\"ref6\" href=\"#nota6\">6<\/a><\/sup> Algunas decisiones tambi\u00e9n se basaron en la consideraci\u00f3n de los dem\u00e1s pa\u00edses pertenecientes a SciELO Red y su legislaci\u00f3n, as\u00ed como caracter\u00edsticas de la infraestructura de conexi\u00f3n a la ruta Internet local.<\/p>\n<h3>Mejoras \/ comparaci\u00f3n<\/h3>\n<p>Para el proceso de mejora del sitio se utiliz\u00f3 el enfoque de dise\u00f1o <em>mobile-first<\/em> (<em>Mobile-First Design Approach<\/em>), en el que se prioriza la adecuaci\u00f3n a dispositivos m\u00f3viles. Esto supone que, si todos los contenidos y recursos son accesibles en pantallas peque\u00f1as \/ dispositivos m\u00f3viles, tambi\u00e9n lo ser\u00e1n en pantallas m\u00e1s grandes.<\/p>\n<p>A continuaci\u00f3n, se muestran ejemplos de botones y fuentes adecuados para ser clicables en dispositivos m\u00e1s peque\u00f1os:<\/p>\n<table border=\"1\" width=\"100%\" cellspacing=\"0\" cellpadding=\"1%\">\n<tbody>\n<tr style=\"background-color: #efeeec;\">\n<td align=\"center\" valign=\"middle\"><strong>Antes<\/strong><\/td>\n<td align=\"center\" valign=\"middle\"><strong>Despu\u00e9s<\/strong><\/td>\n<\/tr>\n<tr>\n<td valign=\"middle\">\n<p align=\"center\"><img decoding=\"async\" title=\"Captura de pantalla del navegador de un smartphone de la parte superior izquierda de la p\u00e1gina de inicio del sitio web de la Colecci\u00f3n SciELO Brasil en la versi\u00f3n anterior a los ajustes. S\u00f3lo es visible una parte del contenido, la de la izquierda. Al llegar al extremo derecho de la pantalla, se interrumpe la visualizaci\u00f3n del contenido, incluyendo el logotipo SciELO, la caja y el bot\u00f3n de b\u00fasqueda y el feed de Comunicados de Prensa SciELO, que aparecen cortados por la mitad.\" src=\"http:\/\/blog.scielo.org\/es\/wp-content\/uploads\/sites\/3\/2024\/11\/1.png\" alt=\"Captura de pantalla del navegador de un smartphone de la parte superior izquierda de la p\u00e1gina de inicio del sitio web de la Colecci\u00f3n SciELO Brasil en la versi\u00f3n anterior a los ajustes. S\u00f3lo es visible una parte del contenido, la de la izquierda. Al llegar al extremo derecho de la pantalla, se interrumpe la visualizaci\u00f3n del contenido, incluyendo el logotipo SciELO, la caja y el bot\u00f3n de b\u00fasqueda y el feed de Comunicados de Prensa SciELO, que aparecen cortados por la mitad.\" width=\"60%\" \/><\/p>\n<p>Descripci\u00f3n de la imagen: Captura de pantalla del navegador de un smartphone de la parte superior izquierda de la p\u00e1gina de inicio del sitio web de la Colecci\u00f3n SciELO Brasil en la versi\u00f3n anterior a los ajustes. S\u00f3lo es visible una parte del contenido, la de la izquierda. Al llegar al extremo derecho de la pantalla, se interrumpe la visualizaci\u00f3n del contenido, incluyendo el logotipo SciELO, la caja y el bot\u00f3n de b\u00fasqueda y el feed de Comunicados de Prensa SciELO, que aparecen cortados por la mitad.<\/td>\n<td valign=\"middle\">\n<p align=\"center\"><img decoding=\"async\" title=\"Captura de pantalla del navegador de un smartphone de la parte superior izquierda de la p\u00e1gina de inicio del sitio web de la Colecci\u00f3n SciELO Brasil en la versi\u00f3n despu\u00e9s de los ajustes. La parte superior es totalmente visible y ajustada a la pantalla del smartphone. El logotipo SciELO aparece completo, centrado, al igual que los campos de b\u00fasqueda y el bot\u00f3n inferior. Ning\u00fan contenido o elemento est\u00e1 oculto o se muestra a medias. Se pueden ver las opciones de idioma de la interfaz en la esquina superior derecha de la pantalla, lo que no era posible en la versi\u00f3n anterior.\" src=\"http:\/\/blog.scielo.org\/es\/wp-content\/uploads\/sites\/3\/2024\/11\/2.png\" alt=\"Captura de pantalla del navegador de un smartphone de la parte superior izquierda de la p\u00e1gina de inicio del sitio web de la Colecci\u00f3n SciELO Brasil en la versi\u00f3n despu\u00e9s de los ajustes. La parte superior es totalmente visible y ajustada a la pantalla del smartphone. El logotipo SciELO aparece completo, centrado, al igual que los campos de b\u00fasqueda y el bot\u00f3n inferior. Ning\u00fan contenido o elemento est\u00e1 oculto o se muestra a medias. Se pueden ver las opciones de idioma de la interfaz en la esquina superior derecha de la pantalla, lo que no era posible en la versi\u00f3n anterior.\" width=\"55%\" \/><\/p>\n<p>Descripci\u00f3n de la imagen: Captura de pantalla del navegador de un smartphone de la parte superior izquierda de la p\u00e1gina de inicio del sitio web de la Colecci\u00f3n SciELO Brasil en la versi\u00f3n despu\u00e9s de los ajustes. La parte superior es totalmente visible y ajustada a la pantalla del smartphone. El logotipo SciELO aparece completo, centrado, al igual que los campos de b\u00fasqueda y el bot\u00f3n inferior. Ning\u00fan contenido o elemento est\u00e1 oculto o se muestra a medias. Se pueden ver las opciones de idioma de la interfaz en la esquina superior derecha de la pantalla, lo que no era posible en la versi\u00f3n anterior.<\/td>\n<\/tr>\n<\/tbody>\n<\/table>\n<p>&nbsp;<\/p>\n<p>Color de acci\u00f3n de contraste \u2013 Enlaces y botones (azul):<\/p>\n<table border=\"1\" width=\"100%\" cellspacing=\"0\" cellpadding=\"1%\">\n<tbody>\n<tr style=\"background-color: #efeeec;\">\n<td align=\"center\" valign=\"middle\"><strong>Antes<\/strong><\/td>\n<td align=\"center\" valign=\"middle\"><strong>Despu\u00e9s<\/strong><\/td>\n<\/tr>\n<tr>\n<td valign=\"middle\">\n<p align=\"center\"><img decoding=\"async\" title=\"Captura de pantalla de la secci\u00f3n &quot;Lista de revistas&quot; de la p\u00e1gina de inicio del sitio de la Colecci\u00f3n SciELO Brasil en la versi\u00f3n anterior a los ajustes. Los enlaces &quot;Alfab\u00e9tico&quot; y &quot;Tem\u00e1tico&quot; est\u00e1n en un tono m\u00e1s claro de azul, con poco contraste con el fondo gris claro del banner donde se encuentran los enlaces.\" src=\"http:\/\/blog.scielo.org\/es\/wp-content\/uploads\/sites\/3\/2024\/11\/3_es.png\" alt=\"Captura de pantalla de la secci\u00f3n &quot;Lista de revistas&quot; de la p\u00e1gina de inicio del sitio de la Colecci\u00f3n SciELO Brasil en la versi\u00f3n anterior a los ajustes. Los enlaces &quot;Alfab\u00e9tico&quot; y &quot;Tem\u00e1tico&quot; est\u00e1n en un tono m\u00e1s claro de azul, con poco contraste con el fondo gris claro del banner donde se encuentran los enlaces.\" \/><\/p>\n<p>Descripci\u00f3n de la imagen: Captura de pantalla de la secci\u00f3n &#8220;Lista de revistas&#8221; de la p\u00e1gina de inicio del sitio de la Colecci\u00f3n SciELO Brasil en la versi\u00f3n anterior a los ajustes. Los enlaces &#8220;Alfab\u00e9tico&#8221; y &#8220;Tem\u00e1tico&#8221; est\u00e1n en un tono m\u00e1s claro de azul, con poco contraste con el fondo gris claro del banner donde se encuentran los enlaces.<\/td>\n<td valign=\"middle\">\n<p align=\"center\"><img decoding=\"async\" title=\"Captura de pantalla de la secci\u00f3n &quot;Lista de revistas&quot; de la p\u00e1gina inicial del sitio de la Colecci\u00f3n SciELO Brasil en la versi\u00f3n posterior a los ajustes. Los enlaces &quot;Alfab\u00e9tico&quot; y &quot;Tem\u00e1tico&quot; est\u00e1n en un tono m\u00e1s oscuro de azul, en mayor contraste con el fondo gris claro del banner donde se encuentran los enlaces.\" src=\"http:\/\/blog.scielo.org\/es\/wp-content\/uploads\/sites\/3\/2024\/11\/4_es.png\" alt=\"Captura de pantalla de la secci\u00f3n &quot;Lista de revistas&quot; de la p\u00e1gina inicial del sitio de la Colecci\u00f3n SciELO Brasil en la versi\u00f3n posterior a los ajustes. Los enlaces &quot;Alfab\u00e9tico&quot; y &quot;Tem\u00e1tico&quot; est\u00e1n en un tono m\u00e1s oscuro de azul, en mayor contraste con el fondo gris claro del banner donde se encuentran los enlaces.\" \/><\/p>\n<p>Descripci\u00f3n de la imagen: Captura de pantalla de la secci\u00f3n &#8220;Lista de revistas&#8221; de la p\u00e1gina inicial del sitio de la Colecci\u00f3n SciELO Brasil en la versi\u00f3n posterior a los ajustes. Los enlaces &#8220;Alfab\u00e9tico&#8221; y &#8220;Tem\u00e1tico&#8221; est\u00e1n en un tono m\u00e1s oscuro de azul, en mayor contraste con el fondo gris claro del banner donde se encuentran los enlaces.<\/td>\n<\/tr>\n<tr>\n<td align=\"center\" valign=\"middle\"><img decoding=\"async\" title=\"Captura de pantalla del bot\u00f3n &quot;Buscar&quot; en el sitio de la Colecci\u00f3n SciELO Brasil en la versi\u00f3n anterior a los ajustes. El bot\u00f3n est\u00e1 en un tono de azul m\u00e1s claro, con poco contraste con el fondo gris claro de la franja donde se encuentra el bot\u00f3n. La palabra &quot;Buscar&quot; est\u00e1 alineada a la izquierda y hay un icono en forma de lupa a la derecha del bot\u00f3n.\" src=\"http:\/\/blog.scielo.org\/es\/wp-content\/uploads\/sites\/3\/2024\/11\/5_pt-es.png\" alt=\"Captura de pantalla del bot\u00f3n &quot;Buscar&quot; en el sitio de la Colecci\u00f3n SciELO Brasil en la versi\u00f3n anterior a los ajustes. El bot\u00f3n est\u00e1 en un tono de azul m\u00e1s claro, con poco contraste con el fondo gris claro de la franja donde se encuentra el bot\u00f3n. La palabra &quot;Buscar&quot; est\u00e1 alineada a la izquierda y hay un icono en forma de lupa a la derecha del bot\u00f3n.\" \/><\/p>\n<p>Descripci\u00f3n de la imagen: Captura de pantalla del bot\u00f3n &#8220;Buscar&#8221; en el sitio de la Colecci\u00f3n SciELO Brasil en la versi\u00f3n anterior a los ajustes. El bot\u00f3n est\u00e1 en un tono de azul m\u00e1s claro, con poco contraste con el fondo gris claro de la franja donde se encuentra el bot\u00f3n. La palabra &#8220;Buscar&#8221; est\u00e1 alineada a la izquierda y hay un icono en forma de lupa a la derecha del bot\u00f3n.<\/td>\n<td align=\"center\" valign=\"middle\"><img decoding=\"async\" title=\"Captura de pantalla del bot\u00f3n &quot;Buscar&quot; en el sitio de la Colecci\u00f3n SciELO Brasil en la versi\u00f3n posterior a los ajustes. El bot\u00f3n est\u00e1 en un tono m\u00e1s oscuro de azul, en mayor contraste con el fondo gris claro de la franja donde se encuentra el bot\u00f3n. La palabra &quot;Buscar&quot; est\u00e1 alineada en el centro y se ha eliminado el icono de la lupa.\" src=\"http:\/\/blog.scielo.org\/es\/wp-content\/uploads\/sites\/3\/2024\/11\/6_pt-es.png\" alt=\"Captura de pantalla del bot\u00f3n &quot;Buscar&quot; en el sitio de la Colecci\u00f3n SciELO Brasil en la versi\u00f3n posterior a los ajustes. El bot\u00f3n est\u00e1 en un tono m\u00e1s oscuro de azul, en mayor contraste con el fondo gris claro de la franja donde se encuentra el bot\u00f3n. La palabra &quot;Buscar&quot; est\u00e1 alineada en el centro y se ha eliminado el icono de la lupa.\" \/><\/p>\n<p>Descripci\u00f3n de la imagen: Captura de pantalla del bot\u00f3n &#8220;Buscar&#8221; en el sitio de la Colecci\u00f3n SciELO Brasil en la versi\u00f3n posterior a los ajustes. El bot\u00f3n est\u00e1 en un tono m\u00e1s oscuro de azul, en mayor contraste con el fondo gris claro de la franja donde se encuentra el bot\u00f3n. La palabra &#8220;Buscar&#8221; est\u00e1 alineada en el centro y se ha eliminado el icono de la lupa.<\/td>\n<\/tr>\n<tr>\n<td valign=\"middle\">\n<p align=\"center\"><img decoding=\"async\" title=\"Captura de pantalla del men\u00fa de navegaci\u00f3n flotante en los art\u00edculos del sitio de la Colecci\u00f3n SciELO Brasil en la versi\u00f3n anterior a los ajustes. Los botones est\u00e1n en un tono de azul m\u00e1s claro, con poco contraste con el fondo sobre el que se encuentran los botones. La mitad de los botones est\u00e1n delante de un fondo gris claro y la otra mitad delante de un fondo blanco.\" src=\"http:\/\/blog.scielo.org\/es\/wp-content\/uploads\/sites\/3\/2024\/11\/7.png\" alt=\"Captura de pantalla del men\u00fa de navegaci\u00f3n flotante en los art\u00edculos del sitio de la Colecci\u00f3n SciELO Brasil en la versi\u00f3n anterior a los ajustes. Los botones est\u00e1n en un tono de azul m\u00e1s claro, con poco contraste con el fondo sobre el que se encuentran los botones. La mitad de los botones est\u00e1n delante de un fondo gris claro y la otra mitad delante de un fondo blanco.\" \/><\/p>\n<p>Descripci\u00f3n de la imagen: Captura de pantalla del men\u00fa de navegaci\u00f3n flotante en los art\u00edculos del sitio de la Colecci\u00f3n SciELO Brasil en la versi\u00f3n anterior a los ajustes. Los botones est\u00e1n en un tono de azul m\u00e1s claro, con poco contraste con el fondo sobre el que se encuentran los botones. La mitad de los botones est\u00e1n delante de un fondo gris claro y la otra mitad delante de un fondo blanco.<\/td>\n<td valign=\"middle\">\n<p align=\"center\"><img decoding=\"async\" title=\"Captura de pantalla del men\u00fa de navegaci\u00f3n flotante en los art\u00edculos del sitio de la Colecci\u00f3n SciELO Brasil en la versi\u00f3n despu\u00e9s de los ajustes. Los botones est\u00e1n en un tono m\u00e1s oscuro de azul, con mayor contraste con el fondo sobre el que se encuentran los botones. Todos los botones est\u00e1n delante de un fondo blanco. Los iconos dentro de cada bot\u00f3n est\u00e1n m\u00e1s simplificados en comparaci\u00f3n con los iconos de la versi\u00f3n anterior.\" src=\"http:\/\/blog.scielo.org\/es\/wp-content\/uploads\/sites\/3\/2024\/11\/8.png\" alt=\"Captura de pantalla del men\u00fa de navegaci\u00f3n flotante en los art\u00edculos del sitio de la Colecci\u00f3n SciELO Brasil en la versi\u00f3n despu\u00e9s de los ajustes. Los botones est\u00e1n en un tono m\u00e1s oscuro de azul, con mayor contraste con el fondo sobre el que se encuentran los botones. Todos los botones est\u00e1n delante de un fondo blanco. Los iconos dentro de cada bot\u00f3n est\u00e1n m\u00e1s simplificados en comparaci\u00f3n con los iconos de la versi\u00f3n anterior.\" \/><\/p>\n<p>Descripci\u00f3n de la imagen: Captura de pantalla del men\u00fa de navegaci\u00f3n flotante en los art\u00edculos del sitio de la Colecci\u00f3n SciELO Brasil en la versi\u00f3n despu\u00e9s de los ajustes. Los botones est\u00e1n en un tono m\u00e1s oscuro de azul, con mayor contraste con el fondo sobre el que se encuentran los botones. Todos los botones est\u00e1n delante de un fondo blanco. Los iconos dentro de cada bot\u00f3n est\u00e1n m\u00e1s simplificados en comparaci\u00f3n con los iconos de la versi\u00f3n anterior.<\/td>\n<\/tr>\n<\/tbody>\n<\/table>\n<p>&nbsp;<\/p>\n<p>Todos los enlaces fueron formateados en el mismo color, asegurando la estandarizaci\u00f3n:<\/p>\n<table border=\"1\" width=\"100%\" cellspacing=\"0\" cellpadding=\"1%\">\n<tbody>\n<tr style=\"background-color: #efeeec;\">\n<td align=\"center\" valign=\"middle\"><strong>Antes<\/strong><\/td>\n<td align=\"center\" valign=\"middle\"><strong>Despu\u00e9s<\/strong><\/td>\n<\/tr>\n<tr>\n<td valign=\"middle\">\n<p style=\"vertical-align: middle;\" align=\"center\"><img decoding=\"async\" title=\"Captura de pantalla de la parte derecha del campo de b\u00fasqueda en la p\u00e1gina de inicio del sitio web de la Colecci\u00f3n SciELO Brasil en la versi\u00f3n anterior a los ajustes. Los enlaces &quot;Acerca de SciELO Brasil&quot; y &quot;A\u00f1adir otro campo +&quot; son de color gris oscuro. Hay un icono azul de &quot;informaci\u00f3n&quot; en formato de imagen a la izquierda del enlace &quot;Acerca de SciELO Brasil&quot;.\" src=\"http:\/\/blog.scielo.org\/es\/wp-content\/uploads\/sites\/3\/2024\/11\/8_es.png\" alt=\"Captura de pantalla de la parte derecha del campo de b\u00fasqueda en la p\u00e1gina de inicio del sitio web de la Colecci\u00f3n SciELO Brasil en la versi\u00f3n anterior a los ajustes. Los enlaces &quot;Acerca de SciELO Brasil&quot; y &quot;A\u00f1adir otro campo +&quot; son de color gris oscuro. Hay un icono azul de &quot;informaci\u00f3n&quot; en formato de imagen a la izquierda del enlace &quot;Acerca de SciELO Brasil&quot;.\" \/><\/p>\n<p>Descripci\u00f3n de la imagen: Captura de pantalla de la parte derecha del campo de b\u00fasqueda en la p\u00e1gina de inicio del sitio web de la Colecci\u00f3n SciELO Brasil en la versi\u00f3n anterior a los ajustes. Los enlaces &#8220;Acerca de SciELO Brasil&#8221; y &#8220;A\u00f1adir otro campo +&#8221; son de color gris oscuro. Hay un icono azul de &#8220;informaci\u00f3n&#8221; en formato de imagen a la izquierda del enlace &#8220;Acerca de SciELO Brasil&#8221;.<\/td>\n<td valign=\"middle\">\n<p align=\"center\"><img decoding=\"async\" title=\"Captura de pantalla de la parte derecha del campo de b\u00fasqueda en la p\u00e1gina de inicio del sitio web de la Colecci\u00f3n SciELO Brasil en la versi\u00f3n posterior a los ajustes. Los enlaces &quot;Sobre el SciELO Brasil&quot; y &quot;Agregar otro campo&quot; est\u00e1n coloreados en azul en el mismo tono que los botones y otros enlaces del sitio. El icono de &quot;informaci\u00f3n&quot; a la izquierda del enlace &quot;Acerca de SciELO Brasil&quot; tambi\u00e9n est\u00e1 en el mismo tono de azul, pero ha sido sustituido por un icono universal estandarizado y accesible.\" src=\"http:\/\/blog.scielo.org\/es\/wp-content\/uploads\/sites\/3\/2024\/11\/9_es.png\" alt=\"Captura de pantalla de la parte derecha del campo de b\u00fasqueda en la p\u00e1gina de inicio del sitio web de la Colecci\u00f3n SciELO Brasil en la versi\u00f3n posterior a los ajustes. Los enlaces &quot;Sobre el SciELO Brasil&quot; y &quot;Agregar otro campo&quot; est\u00e1n coloreados en azul en el mismo tono que los botones y otros enlaces del sitio. El icono de &quot;informaci\u00f3n&quot; a la izquierda del enlace &quot;Acerca de SciELO Brasil&quot; tambi\u00e9n est\u00e1 en el mismo tono de azul, pero ha sido sustituido por un icono universal estandarizado y accesible.\" \/><\/p>\n<p>Descripci\u00f3n de la imagen: Captura de pantalla de la parte derecha del campo de b\u00fasqueda en la p\u00e1gina de inicio del sitio web de la Colecci\u00f3n SciELO Brasil en la versi\u00f3n posterior a los ajustes. Los enlaces &#8220;Sobre el SciELO Brasil&#8221; y &#8220;Agregar otro campo&#8221; est\u00e1n coloreados en azul en el mismo tono que los botones y otros enlaces del sitio. El icono de &#8220;informaci\u00f3n&#8221; a la izquierda del enlace &#8220;Acerca de SciELO Brasil&#8221; tambi\u00e9n est\u00e1 en el mismo tono de azul, pero ha sido sustituido por un icono universal estandarizado y accesible.<\/td>\n<\/tr>\n<tr>\n<td valign=\"middle\">\n<p style=\"vertical-align: middle;\" align=\"center\"><img decoding=\"async\" title=\"Captura de pantalla de la parte superior derecha de la p\u00e1gina de inicio de una revista en el sitio web de la Colecci\u00f3n SciELO Brasil en la versi\u00f3n anterior a los ajustes. Los enlaces y los iconos de informaci\u00f3n est\u00e1n en diferentes colores, con bajo contraste y poco espacio entre las l\u00edneas, lo que dificulta la selecci\u00f3n, especialmente en pantallas m\u00f3viles y en el uso de pantallas t\u00e1ctiles. Los iconos est\u00e1n en formato de imagen.\" src=\"http:\/\/blog.scielo.org\/es\/wp-content\/uploads\/sites\/3\/2024\/11\/10_es.png\" alt=\"Captura de pantalla de la parte superior derecha de la p\u00e1gina de inicio de una revista en el sitio web de la Colecci\u00f3n SciELO Brasil en la versi\u00f3n anterior a los ajustes. Los enlaces y los iconos de informaci\u00f3n est\u00e1n en diferentes colores, con bajo contraste y poco espacio entre las l\u00edneas, lo que dificulta la selecci\u00f3n, especialmente en pantallas m\u00f3viles y en el uso de pantallas t\u00e1ctiles. Los iconos est\u00e1n en formato de imagen.\" \/><\/p>\n<p>Descripci\u00f3n de la imagen: Captura de pantalla de la parte superior derecha de la p\u00e1gina de inicio de una revista en el sitio web de la Colecci\u00f3n SciELO Brasil en la versi\u00f3n anterior a los ajustes. Los enlaces y los iconos de informaci\u00f3n est\u00e1n en diferentes colores, con bajo contraste y poco espacio entre las l\u00edneas, lo que dificulta la selecci\u00f3n, especialmente en pantallas m\u00f3viles y en el uso de pantallas t\u00e1ctiles. Los iconos est\u00e1n en formato de imagen.<\/td>\n<td valign=\"middle\">\n<p align=\"center\"><img decoding=\"async\" title=\"Captura de pantalla de la parte superior derecha de la p\u00e1gina de inicio de una revista en el sitio de la Colecci\u00f3n SciELO Brasil en la versi\u00f3n despu\u00e9s de los ajustes. Los enlaces y los \u00edconos de informaci\u00f3n est\u00e1n en el mismo color, con mayor contraste y espaciamiento entre las l\u00edneas y dispuestos en formato de tabla con bordes aparentes, lo que facilita la selecci\u00f3n, especialmente en pantallas m\u00f3viles y de uso t\u00e1ctil. Los iconos de imagen se han sustituido por iconos universales normalizados y accesibles.\" src=\"http:\/\/blog.scielo.org\/es\/wp-content\/uploads\/sites\/3\/2024\/11\/11_es.png\" alt=\"Captura de pantalla de la parte superior derecha de la p\u00e1gina de inicio de una revista en el sitio de la Colecci\u00f3n SciELO Brasil en la versi\u00f3n despu\u00e9s de los ajustes. Los enlaces y los \u00edconos de informaci\u00f3n est\u00e1n en el mismo color, con mayor contraste y espaciamiento entre las l\u00edneas y dispuestos en formato de tabla con bordes aparentes, lo que facilita la selecci\u00f3n, especialmente en pantallas m\u00f3viles y de uso t\u00e1ctil. Los iconos de imagen se han sustituido por iconos universales normalizados y accesibles.\" \/><\/p>\n<p>Descripci\u00f3n de la imagen: Captura de pantalla de la parte superior derecha de la p\u00e1gina de inicio de una revista en el sitio de la Colecci\u00f3n SciELO Brasil en la versi\u00f3n despu\u00e9s de los ajustes. Los enlaces y los \u00edconos de informaci\u00f3n est\u00e1n en el mismo color, con mayor contraste y espaciamiento entre las l\u00edneas y dispuestos en formato de tabla con bordes aparentes, lo que facilita la selecci\u00f3n, especialmente en pantallas m\u00f3viles y de uso t\u00e1ctil. Los iconos de imagen se han sustituido por iconos universales normalizados y accesibles.<\/td>\n<\/tr>\n<\/tbody>\n<\/table>\n<p>&nbsp;<\/p>\n<p>Se utilizaron iconos universales estandarizados y accesibles, con el \u00e1rea m\u00ednima t\u00e1ctil sugerida para m\u00f3viles (<em>google material icons<\/em>):<\/p>\n<table border=\"1\" width=\"100%\" cellspacing=\"0\" cellpadding=\"1%\">\n<tbody>\n<tr style=\"background-color: #efeeec;\">\n<td align=\"center\" valign=\"middle\"><strong>Antes<\/strong><\/td>\n<td align=\"center\" valign=\"middle\"><strong>Despu\u00e9s<\/strong><\/td>\n<\/tr>\n<tr>\n<td valign=\"middle\">\n<p align=\"center\"><img decoding=\"async\" title=\"Captura de pantalla de la parte que muestra una secuencia de iconos utilizados en el sitio web de la Colecci\u00f3n SciELO Brasil en la versi\u00f3n anterior a los ajustes. De izquierda a derecha: una casa, una flecha que apunta al noreste, dos figuras humanas una detr\u00e1s de la otra, un icono con un signo de interrogaci\u00f3n, un icono de informaci\u00f3n y un sobre. Los iconos est\u00e1n en formato de imagen, en un color poco contrastado y con poco espacio entre ellos, lo que dificulta la selecci\u00f3n, sobre todo en pantallas m\u00f3viles y de uso t\u00e1ctil.\" src=\"http:\/\/blog.scielo.org\/es\/wp-content\/uploads\/sites\/3\/2024\/11\/12.png\" alt=\"Captura de pantalla de la parte que muestra una secuencia de iconos utilizados en el sitio web de la Colecci\u00f3n SciELO Brasil en la versi\u00f3n anterior a los ajustes. De izquierda a derecha: una casa, una flecha que apunta al noreste, dos figuras humanas una detr\u00e1s de la otra, un icono con un signo de interrogaci\u00f3n, un icono de informaci\u00f3n y un sobre. Los iconos est\u00e1n en formato de imagen, en un color poco contrastado y con poco espacio entre ellos, lo que dificulta la selecci\u00f3n, sobre todo en pantallas m\u00f3viles y de uso t\u00e1ctil.\" \/><\/p>\n<p>Descripci\u00f3n de la imagen: Captura de pantalla de la parte que muestra una secuencia de iconos utilizados en el sitio web de la Colecci\u00f3n SciELO Brasil en la versi\u00f3n anterior a los ajustes. De izquierda a derecha: una casa, una flecha que apunta al noreste, dos figuras humanas una detr\u00e1s de la otra, un icono con un signo de interrogaci\u00f3n, un icono de informaci\u00f3n y un sobre. Los iconos est\u00e1n en formato de imagen, en un color poco contrastado y con poco espacio entre ellos, lo que dificulta la selecci\u00f3n, sobre todo en pantallas m\u00f3viles y de uso t\u00e1ctil.<\/td>\n<td valign=\"middle\">\n<p align=\"center\"><img decoding=\"async\" title=\"Captura de pantalla de la parte que muestra una secuencia de iconos utilizados en el sitio web de la Colecci\u00f3n SciELO Brasil en la versi\u00f3n posterior a los ajustes. De izquierda a derecha: una casa, una flecha que apunta al noreste, dos figuras humanas una detr\u00e1s de la otra, un icono con un signo de interrogaci\u00f3n, un icono de informaci\u00f3n y un sobre. Los iconos tienen un formato universal normalizado y accesible, en un color con mayor contraste, con mayor espaciado entre ellos y dispuestos en formato de tabla con bordes aparentes, lo que facilita la selecci\u00f3n, especialmente en pantallas m\u00f3viles y de uso t\u00e1ctil.\" src=\"http:\/\/blog.scielo.org\/es\/wp-content\/uploads\/sites\/3\/2024\/11\/13.png\" alt=\"Captura de pantalla de la parte que muestra una secuencia de iconos utilizados en el sitio web de la Colecci\u00f3n SciELO Brasil en la versi\u00f3n posterior a los ajustes. De izquierda a derecha: una casa, una flecha que apunta al noreste, dos figuras humanas una detr\u00e1s de la otra, un icono con un signo de interrogaci\u00f3n, un icono de informaci\u00f3n y un sobre. Los iconos tienen un formato universal normalizado y accesible, en un color con mayor contraste, con mayor espaciado entre ellos y dispuestos en formato de tabla con bordes aparentes, lo que facilita la selecci\u00f3n, especialmente en pantallas m\u00f3viles y de uso t\u00e1ctil.\" \/><\/p>\n<p>Descripci\u00f3n de la imagen: Captura de pantalla de la parte que muestra una secuencia de iconos utilizados en el sitio web de la Colecci\u00f3n SciELO Brasil en la versi\u00f3n posterior a los ajustes. De izquierda a derecha: una casa, una flecha que apunta al noreste, dos figuras humanas una detr\u00e1s de la otra, un icono con un signo de interrogaci\u00f3n, un icono de informaci\u00f3n y un sobre. Los iconos tienen un formato universal normalizado y accesible, en un color con mayor contraste, con mayor espaciado entre ellos y dispuestos en formato de tabla con bordes aparentes, lo que facilita la selecci\u00f3n, especialmente en pantallas m\u00f3viles y de uso t\u00e1ctil.<\/td>\n<\/tr>\n<\/tbody>\n<\/table>\n<p>&nbsp;<\/p>\n<p>Hubo un aumento en el tama\u00f1o de la fuente y el interlineado en el cuerpo de los art\u00edculos:<\/p>\n<table border=\"1\" width=\"100%\" cellspacing=\"0\" cellpadding=\"1%\">\n<tbody>\n<tr>\n<td style=\"background-color: #efeeec;\" valign=\"middle\"><strong>Antes<\/strong><\/td>\n<td valign=\"middle\"><img decoding=\"async\" title=\"Captura de pantalla de un p\u00e1rrafo de la secci\u00f3n &quot;Introducci\u00f3n&quot; de un art\u00edculo del sitio de la Colecci\u00f3n SciELO Brasil en la versi\u00f3n anterior a los ajustes. El tama\u00f1o del texto es peque\u00f1o y el interlineado corto.\" src=\"http:\/\/blog.scielo.org\/es\/wp-content\/uploads\/sites\/3\/2024\/11\/14.png\" alt=\"Captura de pantalla de un p\u00e1rrafo de la secci\u00f3n &quot;Introducci\u00f3n&quot; de un art\u00edculo del sitio de la Colecci\u00f3n SciELO Brasil en la versi\u00f3n anterior a los ajustes. El tama\u00f1o del texto es peque\u00f1o y el interlineado corto.\" width=\"85%\" \/><\/p>\n<p>Descripci\u00f3n de la imagen: Captura de pantalla de un p\u00e1rrafo de la secci\u00f3n &#8220;Introducci\u00f3n&#8221; de un art\u00edculo del sitio de la Colecci\u00f3n SciELO Brasil en la versi\u00f3n anterior a los ajustes. El tama\u00f1o del texto es peque\u00f1o y el interlineado corto.<\/td>\n<\/tr>\n<tr>\n<td style=\"background-color: #efeeec;\" valign=\"middle\">\n<p style=\"vertical-align: middle;\"><strong>Despu\u00e9s<\/strong><\/p>\n<\/td>\n<td valign=\"middle\"><img decoding=\"async\" title=\"Captura de pantalla de un p\u00e1rrafo de la secci\u00f3n &quot;Introducci\u00f3n&quot; de un art\u00edculo del sitio de la Colecci\u00f3n SciELO Brasil en la versi\u00f3n anterior a los ajustes. El tama\u00f1o del texto es peque\u00f1o y el interlineado corto.\" src=\"http:\/\/blog.scielo.org\/es\/wp-content\/uploads\/sites\/3\/2024\/11\/15.png\" alt=\"Captura de pantalla de un p\u00e1rrafo de la secci\u00f3n &quot;Introducci\u00f3n&quot; de un art\u00edculo del sitio de la Colecci\u00f3n SciELO Brasil en la versi\u00f3n anterior a los ajustes. El tama\u00f1o del texto es peque\u00f1o y el interlineado corto.\" width=\"85%\" \/><\/p>\n<p>Descripci\u00f3n de la imagen: Captura de pantalla de un p\u00e1rrafo de la secci\u00f3n &#8220;Introducci\u00f3n&#8221; de un art\u00edculo del sitio de la Colecci\u00f3n SciELO Brasil en la versi\u00f3n anterior a los ajustes. El tama\u00f1o del texto es peque\u00f1o y el interlineado corto.<\/td>\n<\/tr>\n<\/tbody>\n<\/table>\n<p>&nbsp;<\/p>\n<p>Tambi\u00e9n hubo un aumento en el tama\u00f1o de fuente y el espacio entre l\u00edneas de los elementos de la interfaz de navegaci\u00f3n:<\/p>\n<table border=\"1\" width=\"100%\" cellspacing=\"0\" cellpadding=\"1%\">\n<tbody>\n<tr>\n<td style=\"background-color: #efeeec;\" valign=\"middle\"><strong>Antes<\/strong><\/td>\n<td valign=\"middle\"><img decoding=\"async\" title=\"Captura de pantalla de la secci\u00f3n &quot;SciELO en Perspectiva&quot; en la p\u00e1gina principal del sitio web de la Colecci\u00f3n SciELO Brasil en la versi\u00f3n anterior a los ajustes, donde hay dos recuadros que muestran los \u00faltimos posts publicados en el blog SciELO en Perspectiva. De arriba abajo, cada recuadro se compone de la fecha de publicaci\u00f3n, una imagen, el t\u00edtulo del post, un breve extracto del resumen y un enlace &quot;seguir leyendo&quot;. El fondo de la caja es gris claro y los enlaces azul claro, con poco contraste. Hay poco espacio entre las l\u00edneas.\" src=\"http:\/\/blog.scielo.org\/es\/wp-content\/uploads\/sites\/3\/2024\/11\/16_es.png\" alt=\"Captura de pantalla de la secci\u00f3n &quot;SciELO en Perspectiva&quot; en la p\u00e1gina principal del sitio web de la Colecci\u00f3n SciELO Brasil en la versi\u00f3n anterior a los ajustes, donde hay dos recuadros que muestran los \u00faltimos posts publicados en el blog SciELO en Perspectiva. De arriba abajo, cada recuadro se compone de la fecha de publicaci\u00f3n, una imagen, el t\u00edtulo del post, un breve extracto del resumen y un enlace &quot;seguir leyendo&quot;. El fondo de la caja es gris claro y los enlaces azul claro, con poco contraste. Hay poco espacio entre las l\u00edneas.\" \/><\/p>\n<p>Descripci\u00f3n de la imagen: Captura de pantalla de la secci\u00f3n &#8220;SciELO en Perspectiva&#8221; en la p\u00e1gina principal del sitio web de la Colecci\u00f3n SciELO Brasil en la versi\u00f3n anterior a los ajustes, donde hay dos recuadros que muestran los \u00faltimos posts publicados en el blog SciELO en Perspectiva. De arriba abajo, cada recuadro se compone de la fecha de publicaci\u00f3n, una imagen, el t\u00edtulo del post, un breve extracto del resumen y un enlace &#8220;seguir leyendo&#8221;. El fondo de la caja es gris claro y los enlaces azul claro, con poco contraste. Hay poco espacio entre las l\u00edneas.<\/td>\n<\/tr>\n<tr>\n<td style=\"background-color: #efeeec;\" valign=\"middle\"><strong>Despu\u00e9s<\/strong><\/td>\n<td valign=\"middle\"><img decoding=\"async\" title=\"Captura de pantalla de la secci\u00f3n &quot;SciELO en Perspectiva&quot; en la p\u00e1gina de inicio del sitio web de la Colecci\u00f3n SciELO Brasil en la versi\u00f3n despu\u00e9s de los ajustes, donde hay dos cajas que muestran los \u00faltimos posts publicados en el blog SciELO en Perspectiva. De arriba abajo, cada recuadro se compone de una imagen, la fecha de publicaci\u00f3n, el t\u00edtulo del post, un breve extracto del resumen y un bot\u00f3n &quot;seguir leyendo&quot;. El fondo de la caja es blanco y los enlaces negros, con mayor contraste. El espacio entre l\u00edneas es mayor.\" src=\"http:\/\/blog.scielo.org\/es\/wp-content\/uploads\/sites\/3\/2024\/11\/17_es.png\" alt=\"Captura de pantalla de la secci\u00f3n &quot;SciELO en Perspectiva&quot; en la p\u00e1gina de inicio del sitio web de la Colecci\u00f3n SciELO Brasil en la versi\u00f3n despu\u00e9s de los ajustes, donde hay dos cajas que muestran los \u00faltimos posts publicados en el blog SciELO en Perspectiva. De arriba abajo, cada recuadro se compone de una imagen, la fecha de publicaci\u00f3n, el t\u00edtulo del post, un breve extracto del resumen y un bot\u00f3n &quot;seguir leyendo&quot;. El fondo de la caja es blanco y los enlaces negros, con mayor contraste. El espacio entre l\u00edneas es mayor.\" \/><\/p>\n<p>Descripci\u00f3n de la imagen: Captura de pantalla de la secci\u00f3n &#8220;SciELO en Perspectiva&#8221; en la p\u00e1gina de inicio del sitio web de la Colecci\u00f3n SciELO Brasil en la versi\u00f3n despu\u00e9s de los ajustes, donde hay dos cajas que muestran los \u00faltimos posts publicados en el blog SciELO en Perspectiva. De arriba abajo, cada recuadro se compone de una imagen, la fecha de publicaci\u00f3n, el t\u00edtulo del post, un breve extracto del resumen y un bot\u00f3n &#8220;seguir leyendo&#8221;. El fondo de la caja es blanco y los enlaces negros, con mayor contraste. El espacio entre l\u00edneas es mayor.<\/td>\n<\/tr>\n<tr>\n<td style=\"background-color: #efeeec;\" valign=\"middle\"><strong>Antes<\/strong><\/td>\n<td valign=\"middle\"><img decoding=\"async\" title=\"Captura de pantalla del bot\u00f3n RSS ubicado en la parte inferior de la p\u00e1gina de las revistas indexadas en la Colecci\u00f3n SciELO Brasil en la versi\u00f3n anterior a los ajustes. A la izquierda aparece el icono RSS en color naranja, seguido del texto &quot;Siga los n\u00fameros de esta revista en su lector RSS&quot; a la derecha, en dos l\u00edneas. El tama\u00f1o del texto es peque\u00f1o, al igual que el espacio entre las l\u00edneas.\" src=\"http:\/\/blog.scielo.org\/es\/wp-content\/uploads\/sites\/3\/2024\/11\/18_es.png\" alt=\"Captura de pantalla del bot\u00f3n RSS ubicado en la parte inferior de la p\u00e1gina de las revistas indexadas en la Colecci\u00f3n SciELO Brasil en la versi\u00f3n anterior a los ajustes. A la izquierda aparece el icono RSS en color naranja, seguido del texto &quot;Siga los n\u00fameros de esta revista en su lector RSS&quot; a la derecha, en dos l\u00edneas. El tama\u00f1o del texto es peque\u00f1o, al igual que el espacio entre las l\u00edneas.\" \/><\/p>\n<p>Descripci\u00f3n de la imagen: Captura de pantalla del bot\u00f3n RSS ubicado en la parte inferior de la p\u00e1gina de las revistas indexadas en la Colecci\u00f3n SciELO Brasil en la versi\u00f3n anterior a los ajustes. A la izquierda aparece el icono RSS en color naranja, seguido del texto &#8220;Siga los n\u00fameros de esta revista en su lector RSS&#8221; a la derecha, en dos l\u00edneas. El tama\u00f1o del texto es peque\u00f1o, al igual que el espacio entre las l\u00edneas.<\/td>\n<\/tr>\n<tr>\n<td style=\"background-color: #efeeec;\" valign=\"middle\"><strong>Despu\u00e9s<\/strong><\/td>\n<td valign=\"middle\"><img decoding=\"async\" title=\"Captura de pantalla del bot\u00f3n RSS ubicado en el pie de p\u00e1gina de las revistas indexadas en la Colecci\u00f3n SciELO Brasil despu\u00e9s de los ajustes. En el lado izquierdo hay un icono RSS m\u00e1s simplificado, en azul, seguido del texto &quot;Siga los n\u00fameros de esta revista en su lector RSS&quot; en el lado derecho, en dos l\u00edneas. El tama\u00f1o del texto es mayor, as\u00ed como el espacio entre las l\u00edneas.\" src=\"http:\/\/blog.scielo.org\/es\/wp-content\/uploads\/sites\/3\/2024\/11\/19_es.png\" alt=\"Captura de pantalla del bot\u00f3n RSS ubicado en el pie de p\u00e1gina de las revistas indexadas en la Colecci\u00f3n SciELO Brasil despu\u00e9s de los ajustes. En el lado izquierdo hay un icono RSS m\u00e1s simplificado, en azul, seguido del texto &quot;Siga los n\u00fameros de esta revista en su lector RSS&quot; en el lado derecho, en dos l\u00edneas. El tama\u00f1o del texto es mayor, as\u00ed como el espacio entre las l\u00edneas.\" \/><\/p>\n<p>Descripci\u00f3n de la imagen: Captura de pantalla del bot\u00f3n RSS ubicado en el pie de p\u00e1gina de las revistas indexadas en la Colecci\u00f3n SciELO Brasil despu\u00e9s de los ajustes. En el lado izquierdo hay un icono RSS m\u00e1s simplificado, en azul, seguido del texto &#8220;Siga los n\u00fameros de esta revista en su lector RSS&#8221; en el lado derecho, en dos l\u00edneas. El tama\u00f1o del texto es mayor, as\u00ed como el espacio entre las l\u00edneas.<\/td>\n<\/tr>\n<\/tbody>\n<\/table>\n<p>&nbsp;<\/p>\n<p>Tambi\u00e9n se han realizado ajustes en el tama\u00f1o de la letra y el \u00e1rea de clic:<\/p>\n<table border=\"1\" width=\"100%\" cellspacing=\"0\" cellpadding=\"1%\">\n<tbody>\n<tr>\n<td style=\"background-color: #efeeec;\" valign=\"middle\"><strong>Antes<\/strong><\/td>\n<td valign=\"middle\"><img decoding=\"async\" title=\"Captura de pantalla de la lista alfab\u00e9tica de revistas indexadas en la Colecci\u00f3n Brasil en la versi\u00f3n anterior a los ajustes. Muestra una lista de tres revistas. Cada l\u00ednea se compone de la siguiente manera: a la izquierda hay una secuencia de seis iconos en formato de imagen, con poco contraste y espaciado entre ellos. A la derecha, el t\u00edtulo de la revista, el n\u00famero de n\u00fameros y la fecha de publicaci\u00f3n del \u00faltimo n\u00famero. La informaci\u00f3n est\u00e1 dispuesta con poco espaciado entre s\u00ed, lo que reduce el \u00e1rea de clic.\" src=\"http:\/\/blog.scielo.org\/es\/wp-content\/uploads\/sites\/3\/2024\/11\/20_es.png\" alt=\"Captura de pantalla de la lista alfab\u00e9tica de revistas indexadas en la Colecci\u00f3n Brasil en la versi\u00f3n anterior a los ajustes. Muestra una lista de tres revistas. Cada l\u00ednea se compone de la siguiente manera: a la izquierda hay una secuencia de seis iconos en formato de imagen, con poco contraste y espaciado entre ellos. A la derecha, el t\u00edtulo de la revista, el n\u00famero de n\u00fameros y la fecha de publicaci\u00f3n del \u00faltimo n\u00famero. La informaci\u00f3n est\u00e1 dispuesta con poco espaciado entre s\u00ed, lo que reduce el \u00e1rea de clic.\" \/><\/p>\n<p>Descripci\u00f3n de la imagen: Captura de pantalla de la lista alfab\u00e9tica de revistas indexadas en la Colecci\u00f3n Brasil en la versi\u00f3n anterior a los ajustes. Muestra una lista de tres revistas. Cada l\u00ednea se compone de la siguiente manera: a la izquierda hay una secuencia de seis iconos en formato de imagen, con poco contraste y espaciado entre ellos. A la derecha, el t\u00edtulo de la revista, el n\u00famero de n\u00fameros y la fecha de publicaci\u00f3n del \u00faltimo n\u00famero. La informaci\u00f3n est\u00e1 dispuesta con poco espaciado entre s\u00ed, lo que reduce el \u00e1rea de clic.<\/td>\n<\/tr>\n<tr>\n<td style=\"background-color: #efeeec;\" valign=\"middle\"><strong>Despu\u00e9s<\/strong><\/td>\n<td valign=\"middle\"><img decoding=\"async\" title=\"Captura de pantalla de la lista alfab\u00e9tica de revistas indexadas en la Colecci\u00f3n SciELO Brasil en la versi\u00f3n posterior a los ajustes. Muestra una lista con dos revistas. Cada l\u00ednea se compone de la siguiente manera: en la parte superior, el t\u00edtulo de la revista, el n\u00famero de n\u00fameros y la fecha de publicaci\u00f3n del \u00faltimo n\u00famero. Debajo del t\u00edtulo de la revista, hay una secuencia de seis iconos en formato de imagen, con mayor contraste y espaciado entre ellos, as\u00ed como un contorno cuadrado que delimita la zona de iconos. La informaci\u00f3n est\u00e1 dispuesta con mayor espaciado entre ellos, aumentando as\u00ed el \u00e1rea de clic.\" src=\"http:\/\/blog.scielo.org\/es\/wp-content\/uploads\/sites\/3\/2024\/11\/21_es.png\" alt=\"Captura de pantalla de la lista alfab\u00e9tica de revistas indexadas en la Colecci\u00f3n SciELO Brasil en la versi\u00f3n posterior a los ajustes. Muestra una lista con dos revistas. Cada l\u00ednea se compone de la siguiente manera: en la parte superior, el t\u00edtulo de la revista, el n\u00famero de n\u00fameros y la fecha de publicaci\u00f3n del \u00faltimo n\u00famero. Debajo del t\u00edtulo de la revista, hay una secuencia de seis iconos en formato de imagen, con mayor contraste y espaciado entre ellos, as\u00ed como un contorno cuadrado que delimita la zona de iconos. La informaci\u00f3n est\u00e1 dispuesta con mayor espaciado entre ellos, aumentando as\u00ed el \u00e1rea de clic.\" \/><\/p>\n<p>Descripci\u00f3n de la imagen: Captura de pantalla de la lista alfab\u00e9tica de revistas indexadas en la Colecci\u00f3n SciELO Brasil en la versi\u00f3n posterior a los ajustes. Muestra una lista con dos revistas. Cada l\u00ednea se compone de la siguiente manera: en la parte superior, el t\u00edtulo de la revista, el n\u00famero de n\u00fameros y la fecha de publicaci\u00f3n del \u00faltimo n\u00famero. Debajo del t\u00edtulo de la revista, hay una secuencia de seis iconos en formato de imagen, con mayor contraste y espaciado entre ellos, as\u00ed como un contorno cuadrado que delimita la zona de iconos. La informaci\u00f3n est\u00e1 dispuesta con mayor espaciado entre ellos, aumentando as\u00ed el \u00e1rea de clic.<\/td>\n<\/tr>\n<\/tbody>\n<\/table>\n<p>&nbsp;<\/p>\n<p>Ahora la ruta de navegaci\u00f3n (conocida como <em>breadcrumb trail<\/em>) est\u00e1 disponible en todas las pantallas con el objetivo de localizar y guiar al usuario en su navegaci\u00f3n. En la parte superior del sitio SciELO, el usuario puede comprender el recorrido seguido por sus p\u00e1ginas, desde el punto de partida hasta el contenido que est\u00e1 visitando en ese momento.<\/p>\n<p>Siguiendo este camino, el sitio ofrece m\u00e1s posibilidades de navegaci\u00f3n y b\u00fasqueda a los usuarios, permiti\u00e9ndoles regresar a las p\u00e1ginas que han visitado o acceder a p\u00e1ginas de categor\u00edas y subcategor\u00edas para buscar nuevos contenidos.<\/p>\n<table border=\"1\" width=\"100%\" cellspacing=\"0\" cellpadding=\"1%\">\n<tbody>\n<tr>\n<td style=\"background-color: #efeeec;\" valign=\"middle\"><strong>Antes<\/strong><\/td>\n<td valign=\"middle\"><img decoding=\"async\" title=\"Captura de pantalla de la p\u00e1gina de inicio de la revista Advances in Weed Science en el sitio de la Colecci\u00f3n SciELO Brasil en la versi\u00f3n anterior a los ajustes. No hay ruta de navegaci\u00f3n (conocida como breadcrumb trail) disponible.\" src=\"http:\/\/blog.scielo.org\/es\/wp-content\/uploads\/sites\/3\/2024\/11\/22_es.png\" alt=\"Captura de pantalla de la p\u00e1gina de inicio de la revista Advances in Weed Science en el sitio de la Colecci\u00f3n SciELO Brasil en la versi\u00f3n anterior a los ajustes. No hay ruta de navegaci\u00f3n (conocida como breadcrumb trail) disponible.\" \/><\/p>\n<p>Descripci\u00f3n de la imagen: Captura de pantalla de la p\u00e1gina de inicio de la revista <em>Advances in Weed Science<\/em> en el sitio de la Colecci\u00f3n SciELO Brasil en la versi\u00f3n anterior a los ajustes. No hay ruta de navegaci\u00f3n (conocida como <em>breadcrumb trail<\/em>) disponible.<\/td>\n<\/tr>\n<tr>\n<td style=\"background-color: #efeeec;\" valign=\"middle\"><strong>Despu\u00e9s<\/strong><\/td>\n<td valign=\"middle\"><img decoding=\"async\" title=\"Captura de pantalla de la p\u00e1gina de inicio de la revista Advances in Weed Science en el sitio web de la Colecci\u00f3n SciELO Brasil en la versi\u00f3n posterior a los ajustes. Se puede ver una ruta de navegaci\u00f3n (conocida como breadcrumb trail) disponible justo debajo de la cabecera, y antes del contenido principal de la p\u00e1gina. El encabezado muestra la siguiente secuencia: Icono de la casa (p\u00e1gina de inicio) \/ Revistas \/ Advances in Weed Science.\" src=\"http:\/\/blog.scielo.org\/es\/wp-content\/uploads\/sites\/3\/2024\/11\/23_es.png\" alt=\"Captura de pantalla de la p\u00e1gina de inicio de la revista Advances in Weed Science en el sitio web de la Colecci\u00f3n SciELO Brasil en la versi\u00f3n posterior a los ajustes. Se puede ver una ruta de navegaci\u00f3n (conocida como breadcrumb trail) disponible justo debajo de la cabecera, y antes del contenido principal de la p\u00e1gina. El encabezado muestra la siguiente secuencia: Icono de la casa (p\u00e1gina de inicio) \/ Revistas \/ Advances in Weed Science.\" \/><\/p>\n<p>Descripci\u00f3n de la imagen: Captura de pantalla de la p\u00e1gina de inicio de la revista Advances in Weed Science en el sitio web de la Colecci\u00f3n SciELO Brasil en la versi\u00f3n posterior a los ajustes. Se puede ver una ruta de navegaci\u00f3n (conocida como breadcrumb trail) disponible justo debajo de la cabecera, y antes del contenido principal de la p\u00e1gina. El encabezado muestra la siguiente secuencia: Icono de la casa (p\u00e1gina de inicio) \/ Revistas \/ <em>Advances in Weed Science<\/em>.<\/td>\n<\/tr>\n<\/tbody>\n<\/table>\n<p>&nbsp;<\/p>\n<p>Ruta de navegaci\u00f3n vista de forma aislada:<\/p>\n<table border=\"1\" width=\"100%\" cellspacing=\"0\" cellpadding=\"1%\">\n<tbody>\n<tr>\n<td valign=\"middle\"><img decoding=\"async\" title=\"Captura de pantalla de la ruta de navegaci\u00f3n aislada en el sitio de la Colecci\u00f3n SciELO Brasil en la versi\u00f3n despu\u00e9s de los ajustes. Muestra la siguiente secuencia: Icono de la casa (p\u00e1gina de inicio) \/ Revistas \/ Advances in Weed Science. La ruta de navegaci\u00f3n aparece sobre fondo gris.\" src=\"http:\/\/blog.scielo.org\/es\/wp-content\/uploads\/sites\/3\/2024\/11\/24_es.png\" alt=\"Captura de pantalla de la ruta de navegaci\u00f3n aislada en el sitio de la Colecci\u00f3n SciELO Brasil en la versi\u00f3n despu\u00e9s de los ajustes. Muestra la siguiente secuencia: Icono de la casa (p\u00e1gina de inicio) \/ Revistas \/ Advances in Weed Science. La ruta de navegaci\u00f3n aparece sobre fondo gris.\" \/><\/p>\n<p>Descripci\u00f3n de la imagen: Captura de pantalla de la ruta de navegaci\u00f3n aislada en el sitio de la Colecci\u00f3n SciELO Brasil en la versi\u00f3n despu\u00e9s de los ajustes. Muestra la siguiente secuencia: Icono de la casa (p\u00e1gina de inicio) \/ Revistas \/ <em>Advances in Weed Science<\/em>. La ruta de navegaci\u00f3n aparece sobre fondo gris.<\/td>\n<\/tr>\n<\/tbody>\n<\/table>\n<p>&nbsp;<\/p>\n<p>Se ha agregado la ruta de navegaci\u00f3n a todas las pantallas. Ayuda a comprender la navegaci\u00f3n al mostrar la ruta tomada desde la p\u00e1gina de inicio hasta la p\u00e1gina actual y permite la navegaci\u00f3n para cada uno de los pasos anteriores.<\/p>\n<p>En el m\u00f3vil solo muestra el paso anterior:<\/p>\n<table border=\"1\" width=\"100%\" cellspacing=\"0\" cellpadding=\"1%\">\n<tbody>\n<tr>\n<td valign=\"middle\"><img decoding=\"async\" title=\"Captura de pantalla de la ruta de navegaci\u00f3n aislada en el sitio de la Colecci\u00f3n SciELO Brasil en la versi\u00f3n despu\u00e9s de los ajustes. Muestra la siguiente secuencia: flecha izquierda \/ Revistas, indicando que es posible retroceder un paso. En el extremo derecho, hay un bot\u00f3n para compartir en las redes sociales. La ruta de navegaci\u00f3n aparece sobre fondo gris.\" src=\"http:\/\/blog.scielo.org\/es\/wp-content\/uploads\/sites\/3\/2024\/11\/25_es.png\" alt=\"Captura de pantalla de la ruta de navegaci\u00f3n aislada en el sitio de la Colecci\u00f3n SciELO Brasil en la versi\u00f3n despu\u00e9s de los ajustes. Muestra la siguiente secuencia: flecha izquierda \/ Revistas, indicando que es posible retroceder un paso. En el extremo derecho, hay un bot\u00f3n para compartir en las redes sociales. La ruta de navegaci\u00f3n aparece sobre fondo gris.\" \/><\/p>\n<p>Descripci\u00f3n de la imagen: Captura de pantalla de la ruta de navegaci\u00f3n aislada en el sitio de la Colecci\u00f3n SciELO Brasil en la versi\u00f3n despu\u00e9s de los ajustes. Muestra la siguiente secuencia: flecha izquierda \/ Revistas, indicando que es posible retroceder un paso. En el extremo derecho, hay un bot\u00f3n para compartir en las redes sociales. La ruta de navegaci\u00f3n aparece sobre fondo gris.<\/td>\n<\/tr>\n<\/tbody>\n<\/table>\n<p>&nbsp;<\/p>\n<p>La estandarizaci\u00f3n de las etiquetas de encabezado (<em>headings<\/em>), tambi\u00e9n conocidas como etiquetas de t\u00edtulo y subt\u00edtulo, ayuda a los usuarios a comprender la jerarqu\u00eda y el contexto del contenido de las p\u00e1ginas del sitio SciELO, clasificar los resultados de b\u00fasqueda y adoptar mecanismos de b\u00fasqueda por combinaciones de teclado, ampliamente utilizado por personas que utilizan <em>software<\/em> de lectura de pantalla.<\/p>\n<table border=\"1\" width=\"100%\" cellspacing=\"0\" cellpadding=\"1%\">\n<tbody>\n<tr>\n<td style=\"background-color: #efeeec;\" colspan=\"2\" align=\"center\" valign=\"middle\"><strong>Antes<\/strong><\/td>\n<\/tr>\n<tr>\n<td style=\"background-color: #efeeec;\" valign=\"middle\"><strong>Lista de revistas \u2013 H1<\/strong><\/td>\n<td valign=\"middle\"><img decoding=\"async\" title=\"Descripci\u00f3n de la imagen: Captura de pantalla de la secci\u00f3n &quot;Listado de revistas&quot; en la p\u00e1gina de inicio del sitio web de la Colecci\u00f3n SciELO Brasil en la versi\u00f3n anterior a los ajustes.\" src=\"http:\/\/blog.scielo.org\/es\/wp-content\/uploads\/sites\/3\/2024\/11\/26_es.png\" alt=\"Descripci\u00f3n de la imagen: Captura de pantalla de la secci\u00f3n &quot;Listado de revistas&quot; en la p\u00e1gina de inicio del sitio web de la Colecci\u00f3n SciELO Brasil en la versi\u00f3n anterior a los ajustes.\" \/><\/p>\n<p>Descripci\u00f3n de la imagen: Captura de pantalla de la secci\u00f3n &#8220;Listado de revistas&#8221; en la p\u00e1gina de inicio del sitio web de la Colecci\u00f3n SciELO Brasil en la versi\u00f3n anterior a los ajustes.<\/td>\n<\/tr>\n<tr>\n<td style=\"background-color: #efeeec;\" valign=\"middle\"><strong>Revistas \u2013 H1<\/strong><\/td>\n<td valign=\"middle\"><img decoding=\"async\" title=\"Captura de pantalla detallada del t\u00edtulo &quot;Publicaciones Peri\u00f3dicas&quot; en la p\u00e1gina de inicio de una revista indexada en el sitio de la Colecci\u00f3n SciELO Brasil en la versi\u00f3n anterior a los ajustes.\" src=\"http:\/\/blog.scielo.org\/es\/wp-content\/uploads\/sites\/3\/2024\/11\/27_es.png\" alt=\"Captura de pantalla detallada del t\u00edtulo &quot;Publicaciones Peri\u00f3dicas&quot; en la p\u00e1gina de inicio de una revista indexada en el sitio de la Colecci\u00f3n SciELO Brasil en la versi\u00f3n anterior a los ajustes.\" \/><\/p>\n<p>Descripci\u00f3n de la imagen: Captura de pantalla detallada del t\u00edtulo &#8220;Publicaciones Peri\u00f3dicas&#8221; en la p\u00e1gina de inicio de una revista indexada en el sitio de la Colecci\u00f3n SciELO Brasil en la versi\u00f3n anterior a los ajustes.<\/td>\n<\/tr>\n<tr>\n<td style=\"background-color: #efeeec;\" valign=\"middle\"><strong>Nuestra misi\u00f3n \u2013 H1<\/strong><\/td>\n<td valign=\"middle\"><img decoding=\"async\" title=\"Captura de pantalla detallada de la secci\u00f3n &quot;Nuestra Misi\u00f3n&quot; de la p\u00e1gina de inicio de una revista indexada en el sitio web de la Colecci\u00f3n SciELO Brasil en la versi\u00f3n anterior a los ajustes.\" src=\"http:\/\/blog.scielo.org\/es\/wp-content\/uploads\/sites\/3\/2024\/11\/28_es.png\" alt=\"Captura de pantalla detallada de la secci\u00f3n &quot;Nuestra Misi\u00f3n&quot; de la p\u00e1gina de inicio de una revista indexada en el sitio web de la Colecci\u00f3n SciELO Brasil en la versi\u00f3n anterior a los ajustes.\" \/><\/p>\n<p>Descripci\u00f3n de la imagen: Captura de pantalla detallada de la secci\u00f3n &#8220;Nuestra Misi\u00f3n&#8221; de la p\u00e1gina de inicio de una revista indexada en el sitio web de la Colecci\u00f3n SciELO Brasil en la versi\u00f3n anterior a los ajustes.<\/td>\n<\/tr>\n<tr>\n<td style=\"background-color: #efeeec;\" colspan=\"2\" align=\"center\" valign=\"middle\"><strong>Despu\u00e9s<\/strong><\/td>\n<\/tr>\n<tr>\n<td style=\"background-color: #efeeec;\" valign=\"middle\"><strong>Lista de revistas \u2013 H2<\/strong><\/td>\n<td valign=\"middle\"><img decoding=\"async\" title=\"Captura de pantalla de la secci\u00f3n &quot;Lista de revistas&quot; en la p\u00e1gina de inicio del sitio de la Colecci\u00f3n SciELO Brasil en la versi\u00f3n despu\u00e9s de los ajustes. No hay cambios visibles en comparaci\u00f3n con la versi\u00f3n anterior, pero el cambio en el nivel jer\u00e1rquico (uso de etiquetas de encabezado) mejora la lectura por herramientas de asistencia.\" src=\"http:\/\/blog.scielo.org\/es\/wp-content\/uploads\/sites\/3\/2024\/11\/29_es.png\" alt=\"Captura de pantalla de la secci\u00f3n &quot;Lista de revistas&quot; en la p\u00e1gina de inicio del sitio de la Colecci\u00f3n SciELO Brasil en la versi\u00f3n despu\u00e9s de los ajustes. No hay cambios visibles en comparaci\u00f3n con la versi\u00f3n anterior, pero el cambio en el nivel jer\u00e1rquico (uso de etiquetas de encabezado) mejora la lectura por herramientas de asistencia.\" \/><\/p>\n<p>Descripci\u00f3n de la imagen: Captura de pantalla de la secci\u00f3n &#8220;Lista de revistas&#8221; en la p\u00e1gina de inicio del sitio de la Colecci\u00f3n SciELO Brasil en la versi\u00f3n despu\u00e9s de los ajustes. No hay cambios visibles en comparaci\u00f3n con la versi\u00f3n anterior, pero el cambio en el nivel jer\u00e1rquico (uso de etiquetas de encabezado) mejora la lectura por herramientas de asistencia.<\/td>\n<\/tr>\n<tr>\n<td style=\"background-color: #efeeec;\" valign=\"middle\">\n<p style=\"vertical-align: middle;\"><strong>Revistas \u2013 Ruta de navegaci\u00f3n<\/strong><\/p>\n<p style=\"vertical-align: middle;\"><strong>Nuestra misi\u00f3n \u2013 H2<\/strong><\/p>\n<\/td>\n<td valign=\"middle\"><img decoding=\"async\" title=\"Captura de pantalla detallando la ruta de navegaci\u00f3n (anteriormente mostrada como el t\u00edtulo) y la secci\u00f3n &quot;Nuestra Misi\u00f3n&quot; en la p\u00e1gina de inicio de una revista indexada en el sitio web de la Colecci\u00f3n SciELO Brasil en la versi\u00f3n despu\u00e9s de los ajustes. El uso correcto de las etiquetas de encabezamiento mejora la lectura por parte de las herramientas de asistencia.\" src=\"http:\/\/blog.scielo.org\/es\/wp-content\/uploads\/sites\/3\/2024\/11\/30_es.png\" alt=\"Captura de pantalla detallando la ruta de navegaci\u00f3n (anteriormente mostrada como el t\u00edtulo) y la secci\u00f3n &quot;Nuestra Misi\u00f3n&quot; en la p\u00e1gina de inicio de una revista indexada en el sitio web de la Colecci\u00f3n SciELO Brasil en la versi\u00f3n despu\u00e9s de los ajustes. El uso correcto de las etiquetas de encabezamiento mejora la lectura por parte de las herramientas de asistencia.\" \/><\/p>\n<p>Descripci\u00f3n de la imagen: Captura de pantalla detallando la ruta de navegaci\u00f3n (anteriormente mostrada como el t\u00edtulo) y la secci\u00f3n &#8220;Nuestra Misi\u00f3n&#8221; en la p\u00e1gina de inicio de una revista indexada en el sitio web de la Colecci\u00f3n SciELO Brasil en la versi\u00f3n despu\u00e9s de los ajustes. El uso correcto de las etiquetas de encabezamiento mejora la lectura por parte de las herramientas de asistencia.<\/td>\n<\/tr>\n<\/tbody>\n<\/table>\n<p>&nbsp;<\/p>\n<h3>Accesibilidad en el Programa SciELO: estado actual y perspectivas de futuro<\/h3>\n<ul>\n<li><a href=\"https:\/\/blog.scielo.org\/es\/2024\/11\/08\/accesibilidad-en-el-programa-pt-1\/\">Parte 1<\/a><\/li>\n<li><a href=\"https:\/\/blog.scielo.org\/es\/2024\/11\/14\/accesibilidad-en-el-programa-pt-2\/\" target=\"_blank\" rel=\"noopener\">Parte 2<\/a><\/li>\n<\/ul>\n<h3>Notas<\/h3>\n<p>1. El grupo <a href=\"https:\/\/www.scielo.br\/about\/gt-acessibilidade\" target=\"_blank\" rel=\"noopener\">Grupo de Trabajo Interdisciplinario de SciELO Accesibilidad<\/a> est\u00e1 formado por: Alex Mendon\u00e7a (SciELO), Amanda Ramalho (SciELO Livros), Giovanna Brito Castelhano (SciELO Livros), Solange Santos (SciELO), Leonardo Santos Am\u00e2ncio Cabral (Gp-Idea\/UFSCar), Aline Maira da Silva (RBEE), Ilda Fontes (RAE), Roberta Cardoso Cerqueira (HCSM), Carlos Henrique de Castro Gon\u00e7alves (Editora De Castro) y Ramon Cordini (rcordini). <a id=\"nota1\" href=\"#ref1\">\u21a9<\/a><\/p>\n<p>2. <a href=\"https:\/\/wave.webaim.org\/\" target=\"_blank\" rel=\"noopener\">WAVE Web Accessibility Evaluation Tools<\/a> <a id=\"nota2\" href=\"#ref2\">\u21a9<\/a><\/p>\n<p>3. SciELO ACCESIBILIDAD. Accesibilidad en el Programa SciELO: estado actual y perspectivas de futuro \u2013 Parte 1 [online]. <em>SciELO en Perspectiva<\/em>, 2024 [viewed 14 November 2024]. Available from: <a href=\"https:\/\/blog.scielo.org\/es\/2024\/11\/08\/accesibilidad-en-el-programa-pt-1\/\">https:\/\/blog.scielo.org\/es\/2024\/11\/08\/accesibilidad-en-el-programa-pt-1\/<\/a> <a id=\"nota3\" href=\"#ref3\">\u21a9<\/a><\/p>\n<p>4. IVEY, S. The Importance of Usability and Accessibility in Design [online]. Career Foundry. 2022 [viewed 14 November 2024]. Available from: <a href=\"https:\/\/careerfoundry.com\/en\/blog\/ux-design\/the-importance-of-usability-and-accessibility-in-design\/#accessibility-vs-usability\" target=\"_blank\" rel=\"noopener\">https:\/\/careerfoundry.com\/en\/blog\/ux-design\/the-importance-of-usability-and-accessibility-in-design\/#accessibility-vs-usability<\/a> <a id=\"nota4\" href=\"#ref4\">\u21a9<\/a><\/p>\n<p>5. <a href=\"https:\/\/accessmonitor.acessibilidade.gov.pt\/\" target=\"_blank\" rel=\"noopener\">AccessMonitor<\/a> <a id=\"nota5\" href=\"#ref5\">\u21a9<\/a><\/p>\n<p>6. <a href=\"https:\/\/ec.europa.eu\/social\/main.jsp?catId=1202\" target=\"_blank\" rel=\"noopener\">European accessibility act<\/a> <a id=\"nota6\" href=\"#ref6\">\u21a9<\/a><\/p>\n<h3>Referencias<\/h3>\n<p>ARDITI, A. and CHO, J. Serifs and font legibility. <em>Vision Research<\/em> [online]. 2005, vol. 45, no. 23, pp. 2926-2933 [viewed 14 November 2024]. <a href=\"https:\/\/doi.org\/10.1016\/j.visres.2005.06.013\" target=\"_blank\" rel=\"noopener\">https:\/\/doi.org\/10.1016\/j.visres.2005.06.013<\/a>. Available from: <a href=\"https:\/\/www.sciencedirect.com\/science\/article\/pii\/S0042698905003007\" target=\"_blank\" rel=\"noopener\">https:\/\/www.sciencedirect.com\/science\/article\/pii\/S0042698905003007<\/a><\/p>\n<p>CHATRANGSAN, M. and PETRIE, H. The effect of typeface and font size on reading text on a tablet computer for older and younger people. In: W4A &#8217;19: Web For All 2019 Personalization &#8211; Personalizing the Web, San Francisco, 2019 [viewed 14 November 2024]. <a href=\"https:\/\/doi.org\/10.1145\/3315002.3317568\" target=\"_blank\" rel=\"noopener\">https:\/\/doi.org\/10.1145\/3315002.3317568<\/a>. Available from: <a href=\"https:\/\/dl.acm.org\/doi\/proceedings\/10.1145\/3315002\" target=\"_blank\" rel=\"noopener\">https:\/\/dl.acm.org\/doi\/proceedings\/10.1145\/3315002<\/a><\/p>\n<p>DOGUSOY, B., CICEK, F. and CAGILTAY, K. How Serif and Sans Serif Typefaces Influence Reading on Screen: An Eye Tracking Study. In: Conference: International Conference of Design, User Experience, and Usability, Toronto, 2016 [viewed 14 November 2024]. <a href=\"https:\/\/doi.org\/10.1007\/978-3-319-40355-7\" target=\"_blank\" rel=\"noopener\">https:\/\/doi.org\/10.1007\/978-3-319-40355-7<\/a>. Available from: <a href=\"https:\/\/link.springer.com\/book\/10.1007\/978-3-319-40355-7\" target=\"_blank\" rel=\"noopener\">https:\/\/link.springer.com\/book\/10.1007\/978-3-319-40355-7<\/a><\/p>\n<p>IVEY, S. The Importance of Usability and Accessibility in Design [online]. Career Foundry. 2022 [viewed 14 November 2024]. Available from: <a href=\"https:\/\/careerfoundry.com\/en\/blog\/ux-design\/the-importance-of-usability-and-accessibility-in-design\/#accessibility-vs-usability\" target=\"_blank\" rel=\"noopener\">https:\/\/careerfoundry.com\/en\/blog\/ux-design\/the-importance-of-usability-and-accessibility-in-design\/#accessibility-vs-usability<\/a><\/p>\n<p>SciELO ACCESIBILIDAD. Accesibilidad en el Programa SciELO: estado actual y perspectivas de futuro \u2013 Parte 1 [online]. <em>SciELO en Perspectiva<\/em>, 2024 [viewed 14 November 2024]. Available from: <a href=\"https:\/\/blog.scielo.org\/es\/2024\/11\/08\/accesibilidad-en-el-programa-pt-1\/\">https:\/\/blog.scielo.org\/es\/2024\/11\/08\/accesibilidad-en-el-programa-pt-1\/<\/a><\/p>\n<h3>Enlaces externos<\/h3>\n<p><a href=\"https:\/\/accessmonitor.acessibilidade.gov.pt\/\" target=\"_blank\" rel=\"noopener\">AccessMonitor<\/a><\/p>\n<p><a href=\"https:\/\/ec.europa.eu\/social\/main.jsp?catId=1202\" target=\"_blank\" rel=\"noopener\">European accessibility act<\/a><\/p>\n<p><a href=\"https:\/\/www.figma.com\/\" target=\"_blank\" rel=\"noopener\">Figma<\/a><\/p>\n<p><a href=\"https:\/\/www.scielo.br\/about\/gt-acessibilidade\" target=\"_blank\" rel=\"noopener\">Grupo de Trabajo Interdisciplinario de SciELO Accesibilidad<\/a><\/p>\n<p><a href=\"https:\/\/wave.webaim.org\/\" target=\"_blank\" rel=\"noopener\">WAVE Web Accessibility Evaluation Tools<\/a><\/p>\n<p>&nbsp;<\/p>\n<p>Traducido del original en <a href=\"https:\/\/blog.scielo.org\/blog\/2024\/11\/14\/acessibilidade-no-programa-scielo-pt-2\/\" target=\"_blank\" rel=\"noopener\">portugu\u00e9s<\/a> por Ernesto Spinak.<\/p>\n","protected":false},"excerpt":{"rendered":"<p>El Grupo de Trabajo Interdisciplinario SciELO Accesibilidad ha desarrollado acciones para la producci\u00f3n y difusi\u00f3n de la ciencia abierta con accesibilidad, realizando mejoras en los sitios que utilizan la metodolog\u00eda SciELO, actividades de sensibilizaci\u00f3n y asociaciones con equipos editoriales. Estas y otras pr\u00e1cticas est\u00e1n previstas para los pr\u00f3ximos cuatro a\u00f1os. <span class=\"ellipsis\">&hellip;<\/span> <span class=\"more-link-wrap\"><a href=\"https:\/\/blog.scielo.org\/es\/2024\/11\/14\/accesibilidad-en-el-programa-pt-2\/\" class=\"more-link\"><span>Read More &rarr;<\/span><\/a><\/span><\/p>\n","protected":false},"author":5,"featured_media":5696,"comment_status":"open","ping_status":"open","sticky":false,"template":"","format":"standard","meta":{"om_disable_all_campaigns":false,"_monsterinsights_skip_tracking":false,"_monsterinsights_sitenote_active":false,"_monsterinsights_sitenote_note":"","_monsterinsights_sitenote_category":0,"footnotes":"","_links_to":"","_links_to_target":""},"categories":[42,46,2],"tags":[63,7,74,79,8],"class_list":["post-5692","post","type-post","status-publish","format-standard","has-post-thumbnail","hentry","category-editoriales","category-metodologia","category-noticias","tag-ciencia-abierta","tag-comunicacion-cientifica","tag-infraestructura","tag-principios-deia","tag-programa-scielo"],"aioseo_notices":[],"_links":{"self":[{"href":"https:\/\/blog.scielo.org\/es\/wp-json\/wp\/v2\/posts\/5692","targetHints":{"allow":["GET"]}}],"collection":[{"href":"https:\/\/blog.scielo.org\/es\/wp-json\/wp\/v2\/posts"}],"about":[{"href":"https:\/\/blog.scielo.org\/es\/wp-json\/wp\/v2\/types\/post"}],"author":[{"embeddable":true,"href":"https:\/\/blog.scielo.org\/es\/wp-json\/wp\/v2\/users\/5"}],"replies":[{"embeddable":true,"href":"https:\/\/blog.scielo.org\/es\/wp-json\/wp\/v2\/comments?post=5692"}],"version-history":[{"count":10,"href":"https:\/\/blog.scielo.org\/es\/wp-json\/wp\/v2\/posts\/5692\/revisions"}],"predecessor-version":[{"id":5711,"href":"https:\/\/blog.scielo.org\/es\/wp-json\/wp\/v2\/posts\/5692\/revisions\/5711"}],"wp:featuredmedia":[{"embeddable":true,"href":"https:\/\/blog.scielo.org\/es\/wp-json\/wp\/v2\/media\/5696"}],"wp:attachment":[{"href":"https:\/\/blog.scielo.org\/es\/wp-json\/wp\/v2\/media?parent=5692"}],"wp:term":[{"taxonomy":"category","embeddable":true,"href":"https:\/\/blog.scielo.org\/es\/wp-json\/wp\/v2\/categories?post=5692"},{"taxonomy":"post_tag","embeddable":true,"href":"https:\/\/blog.scielo.org\/es\/wp-json\/wp\/v2\/tags?post=5692"}],"curies":[{"name":"wp","href":"https:\/\/api.w.org\/{rel}","templated":true}]}}