{"id":563,"date":"2013-10-04T10:19:38","date_gmt":"2013-10-04T13:19:38","guid":{"rendered":"http:\/\/blog.scielo.org\/es\/?p=563"},"modified":"2016-07-22T16:34:27","modified_gmt":"2016-07-22T19:34:27","slug":"scielo-15-anos-comunicacion-cientifica-encuentros-reencuentros-poesia-y-musica","status":"publish","type":"post","link":"https:\/\/blog.scielo.org\/es\/2013\/10\/04\/scielo-15-anos-comunicacion-cientifica-encuentros-reencuentros-poesia-y-musica\/","title":{"rendered":"SciELO 15 A\u00f1os: comunicaci\u00f3n cient\u00edfica, encuentros, reencuentros, poes\u00eda y m\u00fasica"},"content":{"rendered":"<p>Los avances, las tendencias e innovaciones que est\u00e1n dando forma al futuro de la comunicaci\u00f3n cient\u00edfica ser\u00e1n analizados y discutidos en la Conferencia SciELO 15 A\u00f1os en un ambiente que se centra en el intercambio de ideas y experiencias, encuentros y reencuentros de investigadores, estudiantes y profesionales de la informaci\u00f3n y comunicaci\u00f3n cient\u00edfica, as\u00ed como representantes de instituciones p\u00fablicas y empresas comerciales.<\/p>\n<p>La apertura de la Conferencia SciELO 15 A\u00f1os, el 22 de octubre est\u00e1 dedicada a la Red SciELO, que est\u00e1 abierta a la participaci\u00f3n de todos los inscriptos. La Red SciELO en sus 15 a\u00f1os de funcionamiento ha logrado resultados significativos y se enfrenta a nuevos y viejos desaf\u00edos. Tiene colecciones certificadas en 11 pa\u00edses y otras cinco desarrollo.<\/p>\n<p>La reuni\u00f3n de la Red analizar\u00e1 los avances de las colecciones nacionales desde diferentes perspectivas e indicadores de evaluaci\u00f3n; la actualizaci\u00f3n de la plataforma SciELO de indexaci\u00f3n, publicaci\u00f3n e interoperabilidad; y las l\u00edneas de acci\u00f3n acordadas mutuamente para fortalecer la profesionalizaci\u00f3n, internacionalizaci\u00f3n y sustentabilidad de las revistas indexadas.<\/p>\n<p>Ese mismo d\u00eda, por la noche, la poes\u00eda y la m\u00fasica brasile\u00f1a estar\u00e1n representadas en el espect\u00e1culo del grupo A Barca. Inspirados en el poeta M\u00e1rio de Andrade, los artistas del grupo presentar\u00e1n una selecci\u00f3n de canciones de su repertorio, producto de m\u00e1s de 15 a\u00f1os de investigaci\u00f3n sobre temas de la cultura y la m\u00fasica popular brasile\u00f1a.<\/p>\n<p>Al final de la tarde del d\u00eda 23 habr\u00e1 un c\u00f3ctel de confraternizaci\u00f3n en ocasi\u00f3n del lanzamiento del <i>SciELO Citation Index<\/i> que operar\u00e1 en la plataforma <i>Web of Knowledge<\/i> de la compa\u00f1\u00eda de <i>Thomson Reuters<\/i> con las revistas SciELO certificadas.<\/p>\n<p>El d\u00eda 24, tambi\u00e9n al final de la tarde, tendremos dos lanzamientos. El primero es el libro &#8220;SciELO 15 A\u00f1os: acceso abierto dorado en red&#8221;, que describe la evoluci\u00f3n de la Red SciELO y ser\u00e1 publicado por la UNESCO. El segundo lanzamiento es el blog de revistas de Humanidades indexadas en SciELO y, el reencuentro especial con los editores de revistas SciELO que participaron en las primeras colecciones Brasil y de Chile, y del equipo t\u00e9cnico que elabor\u00f3 la primera versi\u00f3n de la plataforma SciELO.<\/p>\n<p>Este ambiente de intercambio de informaci\u00f3n y experiencias es fundamental para comprender y acompa\u00f1ar el desarrollo del panorama actual de la comunicaci\u00f3n cient\u00edfica, que es muy din\u00e1mico y est\u00e1 dominado por iniciativas, soluciones, productos, servicios y tecnolog\u00edas de los pa\u00edses desarrollados. En este contexto, el programa de la Conferencia prestar\u00e1 especial atenci\u00f3n a los desaf\u00edos que enfrentan y los esfuerzos que est\u00e1n realizando los pa\u00edses en desarrollo y emergentes para mejorar sus pol\u00edticas, capacidades e infraestructuras de comunicaci\u00f3n de la investigaci\u00f3n y su inserci\u00f3n en el flujo global de informaci\u00f3n cient\u00edfica.<\/p>\n<p>La Conferencia internacional que tendr\u00e1 lugar del 23 al 25 de octubre abarca en su programa 10 paneles y 40 conferencistas que cubrir\u00e1n los siguientes temas principales: Pol\u00edtica de Investigaci\u00f3n y Comunicaci\u00f3n Cient\u00edfica; Tendencias e Innovaciones en Ciencias de la Comunicaci\u00f3n Cient\u00edfica; Gesti\u00f3n Editorial de Publicaciones Peri\u00f3dicas; Cienciometr\u00eda; Acceso Abierto; Colecciones Nacionales de Revistas; Experiencias, Soluciones, Productos y Servicios de Comunicaci\u00f3n Cient\u00edfica.<\/p>\n<p>La publicaci\u00f3n en acceso abierto, que se ha consolidado como un <i>modus operandi<\/i> de la comunicaci\u00f3n acad\u00e9mica impregnar\u00e1 todo el evento. Los 15 A\u00f1os del Programa SciELO tiene en el \u00e9xito de la adopci\u00f3n del acceso abierto uno de los principales motivos de celebraci\u00f3n.<\/p>\n<p>Si a\u00fan no se ha registrado, considere su participaci\u00f3n. Si ya est\u00e1 inscripto, su cooperaci\u00f3n para el \u00e9xito del programa ser\u00e1 muy bienvenida.<\/p>\n","protected":false},"excerpt":{"rendered":"<p>Los avances, las tendencias e innovaciones que est\u00e1n dando forma al futuro de la comunicaci\u00f3n cient\u00edfica ser\u00e1n analizados y discutidos en la Conferencia SciELO 15 A\u00f1os en un ambiente que se centra en el intercambio de ideas y experiencias, encuentros y reencuentros de investigadores, estudiantes y profesionales de la informaci\u00f3n y comunicaci\u00f3n cient\u00edfica, as\u00ed como representantes de instituciones p\u00fablicas y empresas comerciales. <span class=\"ellipsis\">&hellip;<\/span> <span class=\"more-link-wrap\"><a href=\"https:\/\/blog.scielo.org\/es\/2013\/10\/04\/scielo-15-anos-comunicacion-cientifica-encuentros-reencuentros-poesia-y-musica\/\" class=\"more-link\"><span>Read More &rarr;<\/span><\/a><\/span><\/p>\n","protected":false},"author":5,"featured_media":564,"comment_status":"open","ping_status":"open","sticky":false,"template":"","format":"standard","meta":{"om_disable_all_campaigns":false,"_monsterinsights_skip_tracking":false,"_monsterinsights_sitenote_active":false,"_monsterinsights_sitenote_note":"","_monsterinsights_sitenote_category":0,"footnotes":"","_links_to":"","_links_to_target":""},"categories":[42],"tags":[7,54,19],"class_list":["post-563","post","type-post","status-publish","format-standard","has-post-thumbnail","hentry","category-editoriales","tag-comunicacion-cientifica","tag-eventos","tag-scielo-15-anos"],"aioseo_notices":[],"_links":{"self":[{"href":"https:\/\/blog.scielo.org\/es\/wp-json\/wp\/v2\/posts\/563","targetHints":{"allow":["GET"]}}],"collection":[{"href":"https:\/\/blog.scielo.org\/es\/wp-json\/wp\/v2\/posts"}],"about":[{"href":"https:\/\/blog.scielo.org\/es\/wp-json\/wp\/v2\/types\/post"}],"author":[{"embeddable":true,"href":"https:\/\/blog.scielo.org\/es\/wp-json\/wp\/v2\/users\/5"}],"replies":[{"embeddable":true,"href":"https:\/\/blog.scielo.org\/es\/wp-json\/wp\/v2\/comments?post=563"}],"version-history":[{"count":4,"href":"https:\/\/blog.scielo.org\/es\/wp-json\/wp\/v2\/posts\/563\/revisions"}],"predecessor-version":[{"id":2167,"href":"https:\/\/blog.scielo.org\/es\/wp-json\/wp\/v2\/posts\/563\/revisions\/2167"}],"wp:featuredmedia":[{"embeddable":true,"href":"https:\/\/blog.scielo.org\/es\/wp-json\/wp\/v2\/media\/564"}],"wp:attachment":[{"href":"https:\/\/blog.scielo.org\/es\/wp-json\/wp\/v2\/media?parent=563"}],"wp:term":[{"taxonomy":"category","embeddable":true,"href":"https:\/\/blog.scielo.org\/es\/wp-json\/wp\/v2\/categories?post=563"},{"taxonomy":"post_tag","embeddable":true,"href":"https:\/\/blog.scielo.org\/es\/wp-json\/wp\/v2\/tags?post=563"}],"curies":[{"name":"wp","href":"https:\/\/api.w.org\/{rel}","templated":true}]}}