{"id":5004,"date":"2022-03-29T16:30:42","date_gmt":"2022-03-29T19:30:42","guid":{"rendered":"https:\/\/blog.scielo.org\/es\/?p=5004"},"modified":"2022-03-30T08:32:14","modified_gmt":"2022-03-30T11:32:14","slug":"libros-scielo-10-anos-entrevista-con-delfim-ferreira-leao","status":"publish","type":"post","link":"https:\/\/blog.scielo.org\/es\/2022\/03\/29\/libros-scielo-10-anos-entrevista-con-delfim-ferreira-leao\/","title":{"rendered":"Libros SciELO 10 A\u00f1os: Entrevista con el Vicerrector de Cultura y Ciencia Abierta de la Universidad de Coimbra, Delfim Ferreira Le\u00e3o"},"content":{"rendered":"<p><strong>Por Abel Packer e Amanda Ramalho<\/strong><\/p>\n<p><a href=\"http:\/\/blog.scielo.org\/es\/wp-content\/uploads\/sites\/3\/2022\/03\/destaque_es.png\" target=\"_blank\" rel=\"noopener\"><img loading=\"lazy\" decoding=\"async\" class=\"alignright wp-image-5015 size-medium\" src=\"http:\/\/blog.scielo.org\/es\/wp-content\/uploads\/sites\/3\/2022\/03\/destaque_es-300x180.png\" alt=\"\" width=\"300\" height=\"180\" srcset=\"https:\/\/blog.scielo.org\/es\/wp-content\/uploads\/sites\/3\/2022\/03\/destaque_es-300x180.png 300w, https:\/\/blog.scielo.org\/es\/wp-content\/uploads\/sites\/3\/2022\/03\/destaque_es.png 679w\" sizes=\"auto, (max-width: 300px) 100vw, 300px\" \/><\/a><\/p>\n<p><a href=\"https:\/\/books.scielo.org\/es\/\" target=\"_blank\" rel=\"noopener\">SciELO Libros<\/a> celebra <a href=\"https:\/\/books10.scielo.org\/es\/\" target=\"_blank\" rel=\"noopener\">diez a\u00f1os de operaci\u00f3n<\/a> enfocada en el desarrollo de infraestructura y capacidades para la publicaci\u00f3n de libros acad\u00e9micos en formato digital de acuerdo al estado del arte.<\/p>\n<p>En el marco del evento de conmemoraci\u00f3n de los 10 a\u00f1os, que se propone como un foro para el reconocimiento de avances y desaf\u00edos y en especial para el debate sobre el futuro del libro digital a la luz del acceso abierto y la ciencia abierta, publicamos entrevistas con expositores del evento y autoridades de instituciones directamente vinculadas al desarrollo de SciELO.<\/p>\n<p>Entrevistamos al Prof. Dr. Delfim Ferreira Le\u00e3o, Vicerrector de Cultura y Ciencia Abierta de la Universidad de Coimbra.<\/p>\n<p><strong>1. [SciELO Libros] En 2020, la Editorial de la Universidad de Coimbra decidi\u00f3 publicar en Acceso Abierto todas las publicaciones de los \u00faltimos 20 a\u00f1os. \u00bfQu\u00e9 motiv\u00f3 y cu\u00e1l es su punto de vista sobre la ciencia abierta para libros?<\/strong><\/p>\n<p><strong>[DELFIM LE\u00c3O]<\/strong> La plataforma UC Digitalis, de la cual \u201cPombalina\u201d forma parte, fue lanzada efectivamente en 2012, completando ahora precisamente diez a\u00f1os de existencia, siendo su creaci\u00f3n motivada por la misma visi\u00f3n que, independientemente, tambi\u00e9n desarroll\u00f3 <strong>SciELO Libros<\/strong> al otro lado del Atl\u00e1ntico. El principal objetivo era hacer m\u00e1s accesibles los libros acad\u00e9micos, que enfrentaban obst\u00e1culos cr\u00f3nicos en cuanto a su distribuci\u00f3n f\u00edsica. El acceso abierto a las revistas ya acumulaba una experiencia muy significativa, pero en el caso de los libros, el camino estaba pr\u00e1cticamente todo por recorrer, dado el peso y casi \u201csagrado\u201d que el libro impreso ten\u00eda en el \u00e1mbito acad\u00e9mico, particularmente en el \u00e1rea de Humanidades y Ciencias Sociales. En ese momento, por lo tanto, se decidi\u00f3 dar prioridad a la opci\u00f3n de acceso abierto a los libros, y los alentadores resultados obtenidos llevaron, en 2020, a tomar la decisi\u00f3n de universalizar la preferencia por el acceso abierto a todas las publicaciones de la Editorial de la Universidad de Coimbra (<em>Imprensa da Universidade de Coimbra<\/em>, IUC) de los \u00faltimos 20 a\u00f1os.<\/p>\n<p><strong>2. [SciELO Libros] En su calidad de Vicerrectora de Cultura y Ciencia Abierta de la Universidad de Coimbra, \u00bfqu\u00e9 caracteriza la relaci\u00f3n entre Desarrollo Cultural y Ciencia Abierta?<\/strong><\/p>\n<p><strong>[DL]<\/strong> Es una relaci\u00f3n natural y profundamente fruct\u00edfera. Por un lado, porque el acceso abierto y generalizado a los bienes culturales es, en s\u00ed mismo, un objetivo con un potencial innegable para la agregaci\u00f3n de la sociedad y el enriquecimiento ciudadano; por otro lado, porque la Ciencia Abierta se est\u00e1 convirtiendo cada vez m\u00e1s en la cultura acad\u00e9mica por excelencia, y debe constituir la \u201cnueva normalidad\u201d. Y as\u00ed como el acceso abierto a la producci\u00f3n cient\u00edfica estimula el desarrollo de m\u00e1s y mejor ciencia, un disfrute amplio y compartido de la Cultura tambi\u00e9n despierta y potencia la creatividad colectiva.<\/p>\n<p><strong>3. [SciELO Libros] Pombalina es una biblioteca digital de libros y est\u00e1 vinculada a la Editorial de la Universidad de Coimbra (IUC), y hoy publica m\u00e1s de 1.000 libros. \u00bfCu\u00e1les fueron las principales lecciones del desarrollo de esta biblioteca?<\/strong><\/p>\n<p><strong>[DL]<\/strong> Quiz\u00e1s la respuesta m\u00e1s significativa pueda ilustrarse con la famosa expresi\u00f3n de Fernando Pessoa: \u201cPrimero te encuentras extra\u00f1o. Entonces entra.\u201d Lo mismo sucedi\u00f3 con la experiencia de poner libros en acceso abierto: enfrent\u00f3 muchas dudas al principio, desde preocupaciones de derechos de autor hasta temores comerciales, pero la experiencia se abri\u00f3 camino de manera segura y consistente, hasta el punto en que ahora cosecha la clara preferencia de los gran mayor\u00eda de autores acad\u00e9micos. Si hay una lecci\u00f3n que aprender es \u00e9sta: creer en el poder de una buena idea y no desistir ante las m\u00faltiples dificultades que seguramente se presentar\u00e1n, ya que el tiempo acabar\u00e1 por evidenciar las ventajas de esta opci\u00f3n. visto inicialmente como demasiado disruptivo, pero luego como un bien indispensable.<\/p>\n<p>&nbsp;<\/p>\n<p>El evento de celebraci\u00f3n los diez a\u00f1os de SciELO Libros tendr\u00e1 lugar el 31 de marzo de 2022, a partir de las 9:00 BRT. Realiza tu registro gratuito y consulta el programa del evento en: <a href=\"https:\/\/books10.scielo.org\/es\/\" target=\"_blank\" rel=\"noopener\">https:\/\/books10.scielo.org\/es\/<\/a>.<\/p>\n<p>&nbsp;<\/p>\n<h3>Enlaces externos<\/h3>\n<p>SciELO Libros 10 Anos:\u00a0<a href=\"https:\/\/books10.scielo.org\/es\/\" target=\"_blank\" rel=\"noopener\">https:\/\/books10.scielo.org\/es\/<\/a><\/p>\n<p>SciELO Libros:\u00a0<a href=\"https:\/\/books.scielo.org\/es\/\" target=\"_blank\" rel=\"noopener\">https:\/\/books.scielo.org\/es\/<\/a><\/p>\n<p>&nbsp;<\/p>\n<p>Traducido del original en <a href=\"https:\/\/blog.scielo.org\/blog\/2022\/03\/29\/scielo-livros-10-anos-entrevista-com-delfim-ferreira-leao\/\" target=\"_blank\" rel=\"noopener\">portugu\u00e9s<\/a> por Ernesto Spinak.<\/p>\n","protected":false},"excerpt":{"rendered":"<p>En el marco del evento de conmemoraci\u00f3n de los diez a\u00f1os, que se propone como un foro de reconocimiento de avances, desaf\u00edos y debates sobre el futuro del libro digital a la luz del acceso abierto y la ciencia abierta, entrevistamos a disertantes y autoridades de instituciones vinculado al desarrollo de SciELO. Delfim Le\u00e3o, vicerrector de Cultura y Ciencia Abierta de la Universidad de Coimbra, es el cuarto entrevistado. <span class=\"ellipsis\">&hellip;<\/span> <span class=\"more-link-wrap\"><a href=\"https:\/\/blog.scielo.org\/es\/2022\/03\/29\/libros-scielo-10-anos-entrevista-con-delfim-ferreira-leao\/\" class=\"more-link\"><span>Read More &rarr;<\/span><\/a><\/span><\/p>\n","protected":false},"author":5,"featured_media":5016,"comment_status":"open","ping_status":"open","sticky":false,"template":"","format":"standard","meta":{"om_disable_all_campaigns":false,"_monsterinsights_skip_tracking":false,"_monsterinsights_sitenote_active":false,"_monsterinsights_sitenote_note":"","_monsterinsights_sitenote_category":0,"footnotes":"","_links_to":"","_links_to_target":""},"categories":[4],"tags":[18,63,7,54,53,8,75],"class_list":["post-5004","post","type-post","status-publish","format-standard","has-post-thumbnail","hentry","category-entrevistas","tag-acceso-abierto","tag-ciencia-abierta","tag-comunicacion-cientifica","tag-eventos","tag-libros-eletronicos","tag-programa-scielo","tag-scielo-libros-10-anos"],"aioseo_notices":[],"_links":{"self":[{"href":"https:\/\/blog.scielo.org\/es\/wp-json\/wp\/v2\/posts\/5004","targetHints":{"allow":["GET"]}}],"collection":[{"href":"https:\/\/blog.scielo.org\/es\/wp-json\/wp\/v2\/posts"}],"about":[{"href":"https:\/\/blog.scielo.org\/es\/wp-json\/wp\/v2\/types\/post"}],"author":[{"embeddable":true,"href":"https:\/\/blog.scielo.org\/es\/wp-json\/wp\/v2\/users\/5"}],"replies":[{"embeddable":true,"href":"https:\/\/blog.scielo.org\/es\/wp-json\/wp\/v2\/comments?post=5004"}],"version-history":[{"count":6,"href":"https:\/\/blog.scielo.org\/es\/wp-json\/wp\/v2\/posts\/5004\/revisions"}],"predecessor-version":[{"id":5017,"href":"https:\/\/blog.scielo.org\/es\/wp-json\/wp\/v2\/posts\/5004\/revisions\/5017"}],"wp:featuredmedia":[{"embeddable":true,"href":"https:\/\/blog.scielo.org\/es\/wp-json\/wp\/v2\/media\/5016"}],"wp:attachment":[{"href":"https:\/\/blog.scielo.org\/es\/wp-json\/wp\/v2\/media?parent=5004"}],"wp:term":[{"taxonomy":"category","embeddable":true,"href":"https:\/\/blog.scielo.org\/es\/wp-json\/wp\/v2\/categories?post=5004"},{"taxonomy":"post_tag","embeddable":true,"href":"https:\/\/blog.scielo.org\/es\/wp-json\/wp\/v2\/tags?post=5004"}],"curies":[{"name":"wp","href":"https:\/\/api.w.org\/{rel}","templated":true}]}}