{"id":3852,"date":"2020-04-07T15:40:21","date_gmt":"2020-04-07T18:40:21","guid":{"rendered":"http:\/\/blog.scielo.org\/es\/?p=3852"},"modified":"2020-04-17T18:17:11","modified_gmt":"2020-04-17T21:17:11","slug":"la-vida-fisicamente-activa-como-medida-de-afrontamiento-de-covid-19","status":"publish","type":"post","link":"https:\/\/blog.scielo.org\/es\/2020\/04\/07\/la-vida-fisicamente-activa-como-medida-de-afrontamiento-de-covid-19\/","title":{"rendered":"La vida f\u00edsicamente activa como medida de afrontamiento de COVID-19 [Originalmente publicado en Arq. Bras. Cardiol.]"},"content":{"rendered":"\n<div class=\"wp-block-image\"><figure class=\"alignright\"><a href=\"https:\/\/blog.scielo.org\/es\/wp-content\/uploads\/sites\/3\/2020\/04\/jonathan-borba-OYGcUSPeJVk-unsplash.jpg\" target=\"_blank\" rel=\"noreferrer noopener\"><img loading=\"lazy\" decoding=\"async\" width=\"300\" height=\"180\" src=\"https:\/\/blog.scielo.org\/es\/wp-content\/uploads\/sites\/3\/2020\/04\/jonathan-borba-OYGcUSPeJVk-unsplash-300x180.jpg\" alt=\"\" class=\"wp-image-3854\" srcset=\"https:\/\/blog.scielo.org\/es\/wp-content\/uploads\/sites\/3\/2020\/04\/jonathan-borba-OYGcUSPeJVk-unsplash-300x180.jpg 300w, https:\/\/blog.scielo.org\/es\/wp-content\/uploads\/sites\/3\/2020\/04\/jonathan-borba-OYGcUSPeJVk-unsplash-768x461.jpg 768w, https:\/\/blog.scielo.org\/es\/wp-content\/uploads\/sites\/3\/2020\/04\/jonathan-borba-OYGcUSPeJVk-unsplash-150x90.jpg 150w, https:\/\/blog.scielo.org\/es\/wp-content\/uploads\/sites\/3\/2020\/04\/jonathan-borba-OYGcUSPeJVk-unsplash.jpg 1000w\" sizes=\"auto, (max-width: 300px) 100vw, 300px\" \/><\/a><figcaption><em>Image: <a href=\"https:\/\/unsplash.com\/photos\/OYGcUSPeJVk\">Jonathan Borba<\/a>.<\/em><\/figcaption><\/figure><\/div>\n\n\n\n<p><a href=\"http:\/\/www.scielo.br\/scielo.php?script=sci_arttext&amp;pid=S0066-782X2020005006201&amp;lng=en&amp;nrm=iso&amp;tlng=en\" target=\"_blank\" rel=\"noreferrer noopener\" aria-label=\" (opens in a new tab)\">Original en ingl\u00e9s.<\/a><\/p>\n\n\n\n<p><a href=\"http:\/\/www.scielo.br\/scielo.php?script=sci_arttext&amp;pid=S0066-782X2020005006201&amp;lng=en&amp;nrm=iso&amp;tlng=pt\" target=\"_blank\" rel=\"noreferrer noopener\" aria-label=\" (opens in a new tab)\">Traducci\u00f3n en portugu\u00e9s.<\/a><\/p>\n\n\n\n<div style=\"height:150px\" aria-hidden=\"true\" class=\"wp-block-spacer\"><\/div>\n","protected":false},"excerpt":{"rendered":"<p>Dadas las recomendaciones de aislamiento social que se imponen actualmente en varios pa\u00edses, es fundamental alentar el mantenimiento de una rutina f\u00edsicamente activa por parte de la poblaci\u00f3n como medida preventiva para la salud durante este per\u00edodo de confrontaci\u00f3n contra la propagaci\u00f3n del virus. En un per\u00edodo de confinamiento en el hogar, la poblaci\u00f3n tiende a adoptar una rutina sedentaria, lo que favorecer\u00eda un aumento en el aumento de peso corporal y la aparici\u00f3n de comorbilidades asociadas con un mayor riesgo cardiovascular, as\u00ed como trastornos psicosociales. <span class=\"ellipsis\">&hellip;<\/span> <span class=\"more-link-wrap\"><a href=\"https:\/\/blog.scielo.org\/es\/2020\/04\/07\/la-vida-fisicamente-activa-como-medida-de-afrontamiento-de-covid-19\/\" class=\"more-link\"><span>Read More &rarr;<\/span><\/a><\/span><\/p>\n","protected":false},"author":31,"featured_media":3853,"comment_status":"open","ping_status":"open","sticky":false,"template":"","format":"standard","meta":{"om_disable_all_campaigns":false,"_monsterinsights_skip_tracking":false,"_monsterinsights_sitenote_active":false,"_monsterinsights_sitenote_note":"","_monsterinsights_sitenote_category":0,"footnotes":"","_links_to":"","_links_to_target":""},"categories":[70],"tags":[],"class_list":["post-3852","post","type-post","status-publish","format-standard","has-post-thumbnail","hentry","category-covid-19"],"aioseo_notices":[],"_links":{"self":[{"href":"https:\/\/blog.scielo.org\/es\/wp-json\/wp\/v2\/posts\/3852","targetHints":{"allow":["GET"]}}],"collection":[{"href":"https:\/\/blog.scielo.org\/es\/wp-json\/wp\/v2\/posts"}],"about":[{"href":"https:\/\/blog.scielo.org\/es\/wp-json\/wp\/v2\/types\/post"}],"author":[{"embeddable":true,"href":"https:\/\/blog.scielo.org\/es\/wp-json\/wp\/v2\/users\/31"}],"replies":[{"embeddable":true,"href":"https:\/\/blog.scielo.org\/es\/wp-json\/wp\/v2\/comments?post=3852"}],"version-history":[{"count":5,"href":"https:\/\/blog.scielo.org\/es\/wp-json\/wp\/v2\/posts\/3852\/revisions"}],"predecessor-version":[{"id":3905,"href":"https:\/\/blog.scielo.org\/es\/wp-json\/wp\/v2\/posts\/3852\/revisions\/3905"}],"wp:featuredmedia":[{"embeddable":true,"href":"https:\/\/blog.scielo.org\/es\/wp-json\/wp\/v2\/media\/3853"}],"wp:attachment":[{"href":"https:\/\/blog.scielo.org\/es\/wp-json\/wp\/v2\/media?parent=3852"}],"wp:term":[{"taxonomy":"category","embeddable":true,"href":"https:\/\/blog.scielo.org\/es\/wp-json\/wp\/v2\/categories?post=3852"},{"taxonomy":"post_tag","embeddable":true,"href":"https:\/\/blog.scielo.org\/es\/wp-json\/wp\/v2\/tags?post=3852"}],"curies":[{"name":"wp","href":"https:\/\/api.w.org\/{rel}","templated":true}]}}