{"id":3758,"date":"2020-03-26T11:20:20","date_gmt":"2020-03-26T14:20:20","guid":{"rendered":"http:\/\/blog.scielo.org\/es\/?p=3758"},"modified":"2020-04-17T18:18:49","modified_gmt":"2020-04-17T21:18:49","slug":"covid-19-y-el-corazon","status":"publish","type":"post","link":"https:\/\/blog.scielo.org\/es\/2020\/03\/26\/covid-19-y-el-corazon\/","title":{"rendered":"COVID-19 y el coraz\u00f3n [Originalmente publicado en Arq. Bras. Cardiol.]"},"content":{"rendered":"\n<div class=\"wp-block-image\"><figure class=\"alignright\"><a href=\"https:\/\/blog.scielo.org\/es\/wp-content\/uploads\/sites\/3\/2020\/03\/jesse-orrico-Us3AQvyOP-o-unsplash.jpg\" target=\"_blank\" rel=\"noreferrer noopener\"><img loading=\"lazy\" decoding=\"async\" width=\"300\" height=\"180\" src=\"https:\/\/blog.scielo.org\/es\/wp-content\/uploads\/sites\/3\/2020\/03\/jesse-orrico-Us3AQvyOP-o-unsplash-300x180.jpg\" alt=\"\" class=\"wp-image-3760\" srcset=\"https:\/\/blog.scielo.org\/es\/wp-content\/uploads\/sites\/3\/2020\/03\/jesse-orrico-Us3AQvyOP-o-unsplash-300x180.jpg 300w, https:\/\/blog.scielo.org\/es\/wp-content\/uploads\/sites\/3\/2020\/03\/jesse-orrico-Us3AQvyOP-o-unsplash-768x461.jpg 768w, https:\/\/blog.scielo.org\/es\/wp-content\/uploads\/sites\/3\/2020\/03\/jesse-orrico-Us3AQvyOP-o-unsplash-150x90.jpg 150w, https:\/\/blog.scielo.org\/es\/wp-content\/uploads\/sites\/3\/2020\/03\/jesse-orrico-Us3AQvyOP-o-unsplash.jpg 1000w\" sizes=\"auto, (max-width: 300px) 100vw, 300px\" \/><\/a><figcaption><em>Imagen: <a href=\"https:\/\/unsplash.com\/photos\/Us3AQvyOP-o\">Jesse Orrico<\/a>.<\/em><\/figcaption><\/figure><\/div>\n\n\n\n<p><a href=\"http:\/\/www.scielo.br\/scielo.php?script=sci_arttext&amp;pid=S0066-782X2020005005205&amp;lng=en&amp;nrm=iso&amp;tlng=pt&amp;ORIGINALLANG=pt\" target=\"_blank\" rel=\"noreferrer noopener\" aria-label=\"Original en portugu\u00e9s. (opens in a new tab)\">Original en portugu\u00e9s.<\/a><\/p>\n\n\n\n<p><a href=\"http:\/\/www.scielo.br\/scielo.php?script=sci_arttext&amp;pid=S0066-782X2020005005205&amp;lng=en&amp;nrm=iso&amp;tlng=en\" target=\"_blank\" rel=\"noreferrer noopener\" aria-label=\"Traducci\u00f3n en ingl\u00e9s. (opens in a new tab)\">Traducci\u00f3n en ingl\u00e9s.<\/a><\/p>\n\n\n\n<div style=\"height:148px\" aria-hidden=\"true\" class=\"wp-block-spacer\"><\/div>\n","protected":false},"excerpt":{"rendered":"<p>Estamos viviendo la pandemia del nuevo coronavirus desde el 11 de marzo de 2020. Inicialmente, el 31 de enero de 2020, la Organizaci\u00f3n Mundial de la Salud (OMS) declar\u00f3 la infecci\u00f3n con el nuevo cornavirus una emergencia global y luego la denomin\u00f3 COVID -19. [&#8230;] La secuenciaci\u00f3n gen\u00f3mica y el an\u00e1lisis filogen\u00e9tico indicaron que es un betacoronavirus, del mismo subg\u00e9nero que SARS y MERS. [&#8230;] Lo que ha llamado la atenci\u00f3n de los cl\u00ednicos son las complicaciones card\u00edacas de esta enfermedad. <span class=\"ellipsis\">&hellip;<\/span> <span class=\"more-link-wrap\"><a href=\"https:\/\/blog.scielo.org\/es\/2020\/03\/26\/covid-19-y-el-corazon\/\" class=\"more-link\"><span>Read More &rarr;<\/span><\/a><\/span><\/p>\n","protected":false},"author":31,"featured_media":3761,"comment_status":"open","ping_status":"open","sticky":false,"template":"","format":"standard","meta":{"om_disable_all_campaigns":false,"_monsterinsights_skip_tracking":false,"_monsterinsights_sitenote_active":false,"_monsterinsights_sitenote_note":"","_monsterinsights_sitenote_category":0,"footnotes":"","_links_to":"","_links_to_target":""},"categories":[70],"tags":[],"class_list":["post-3758","post","type-post","status-publish","format-standard","has-post-thumbnail","hentry","category-covid-19"],"aioseo_notices":[],"_links":{"self":[{"href":"https:\/\/blog.scielo.org\/es\/wp-json\/wp\/v2\/posts\/3758","targetHints":{"allow":["GET"]}}],"collection":[{"href":"https:\/\/blog.scielo.org\/es\/wp-json\/wp\/v2\/posts"}],"about":[{"href":"https:\/\/blog.scielo.org\/es\/wp-json\/wp\/v2\/types\/post"}],"author":[{"embeddable":true,"href":"https:\/\/blog.scielo.org\/es\/wp-json\/wp\/v2\/users\/31"}],"replies":[{"embeddable":true,"href":"https:\/\/blog.scielo.org\/es\/wp-json\/wp\/v2\/comments?post=3758"}],"version-history":[{"count":6,"href":"https:\/\/blog.scielo.org\/es\/wp-json\/wp\/v2\/posts\/3758\/revisions"}],"predecessor-version":[{"id":3781,"href":"https:\/\/blog.scielo.org\/es\/wp-json\/wp\/v2\/posts\/3758\/revisions\/3781"}],"wp:featuredmedia":[{"embeddable":true,"href":"https:\/\/blog.scielo.org\/es\/wp-json\/wp\/v2\/media\/3761"}],"wp:attachment":[{"href":"https:\/\/blog.scielo.org\/es\/wp-json\/wp\/v2\/media?parent=3758"}],"wp:term":[{"taxonomy":"category","embeddable":true,"href":"https:\/\/blog.scielo.org\/es\/wp-json\/wp\/v2\/categories?post=3758"},{"taxonomy":"post_tag","embeddable":true,"href":"https:\/\/blog.scielo.org\/es\/wp-json\/wp\/v2\/tags?post=3758"}],"curies":[{"name":"wp","href":"https:\/\/api.w.org\/{rel}","templated":true}]}}