{"id":3741,"date":"2020-03-26T12:45:04","date_gmt":"2020-03-26T15:45:04","guid":{"rendered":"http:\/\/blog.scielo.org\/es\/?p=3741"},"modified":"2020-04-17T18:18:43","modified_gmt":"2020-04-17T21:18:43","slug":"los-cirujanos-y-la-pandemia-de-covid-19","status":"publish","type":"post","link":"https:\/\/blog.scielo.org\/es\/2020\/03\/26\/los-cirujanos-y-la-pandemia-de-covid-19\/","title":{"rendered":"Los cirujanos y la pandemia de COVID-19 [Originalmente publicado en Rev. Col. Bras. Cir., vol. 47]"},"content":{"rendered":"\n<div class=\"wp-block-image\"><figure class=\"alignright\"><a href=\"https:\/\/blog.scielo.org\/es\/wp-content\/uploads\/sites\/3\/2020\/03\/piron-guillaume-iwzaTMpBD7Q-unsplash.jpg\" target=\"_blank\" rel=\"noreferrer noopener\"><img loading=\"lazy\" decoding=\"async\" width=\"300\" height=\"180\" src=\"https:\/\/blog.scielo.org\/es\/wp-content\/uploads\/sites\/3\/2020\/03\/piron-guillaume-iwzaTMpBD7Q-unsplash-300x180.jpg\" alt=\"\" class=\"wp-image-3744\" srcset=\"https:\/\/blog.scielo.org\/es\/wp-content\/uploads\/sites\/3\/2020\/03\/piron-guillaume-iwzaTMpBD7Q-unsplash-300x180.jpg 300w, https:\/\/blog.scielo.org\/es\/wp-content\/uploads\/sites\/3\/2020\/03\/piron-guillaume-iwzaTMpBD7Q-unsplash-768x461.jpg 768w, https:\/\/blog.scielo.org\/es\/wp-content\/uploads\/sites\/3\/2020\/03\/piron-guillaume-iwzaTMpBD7Q-unsplash-150x90.jpg 150w, https:\/\/blog.scielo.org\/es\/wp-content\/uploads\/sites\/3\/2020\/03\/piron-guillaume-iwzaTMpBD7Q-unsplash.jpg 1000w\" sizes=\"auto, (max-width: 300px) 100vw, 300px\" \/><\/a><figcaption><em>Imagen: <a href=\"https:\/\/unsplash.com\/photos\/iwzaTMpBD7Q\">Piron Guillaume<\/a>.<\/em><\/figcaption><\/figure><\/div>\n\n\n\n<p><a href=\"http:\/\/www.scielo.br\/scielo.php?script=sci_arttext&amp;pid=S0100-69912020000100601&amp;lng=en&amp;nrm=iso&amp;tlng=pt&amp;ORIGINALLANG=pt\" target=\"_blank\" rel=\"noreferrer noopener\" aria-label=\"Original en portugu\u00e9s. (opens in a new tab)\">Original en portugu\u00e9s.<\/a><\/p>\n\n\n\n<p><a href=\"http:\/\/www.scielo.br\/scielo.php?script=sci_arttext&amp;pid=S0100-69912020000100601&amp;lng=en&amp;nrm=iso&amp;tlng=en\" target=\"_blank\" rel=\"noreferrer noopener\" aria-label=\" (opens in a new tab)\">Traducci\u00f3n en ingl\u00e9s.<\/a><\/p>\n\n\n\n<div style=\"height:152px\" aria-hidden=\"true\" class=\"wp-block-spacer\"><\/div>\n","protected":false},"excerpt":{"rendered":"<p>La pandemia del nuevo coronavirus, Covid-19, ha sido el tema m\u00e1s discutido en este momento, tanto en los medios de comunicaci\u00f3n como en las revistas cient\u00edficas. El miedo, la incertidumbre y la ignorancia sobre el comportamiento de la enfermedad son los principales factores que pueden justificar esta realidad. [&#8230;] El Colegio Brasile\u00f1o de Cirujanos en este documento sugiere medidas que pueden ayudar a los cirujanos y otros profesionales de la salud, as\u00ed como a los pacientes, en caso de necesidad quir\u00fargica, a enfrentar la pandemia. <span class=\"ellipsis\">&hellip;<\/span> <span class=\"more-link-wrap\"><a href=\"https:\/\/blog.scielo.org\/es\/2020\/03\/26\/los-cirujanos-y-la-pandemia-de-covid-19\/\" class=\"more-link\"><span>Read More &rarr;<\/span><\/a><\/span><\/p>\n","protected":false},"author":28,"featured_media":3743,"comment_status":"open","ping_status":"open","sticky":false,"template":"","format":"standard","meta":{"om_disable_all_campaigns":false,"_monsterinsights_skip_tracking":false,"_monsterinsights_sitenote_active":false,"_monsterinsights_sitenote_note":"","_monsterinsights_sitenote_category":0,"footnotes":"","_links_to":"","_links_to_target":""},"categories":[70],"tags":[],"class_list":["post-3741","post","type-post","status-publish","format-standard","has-post-thumbnail","hentry","category-covid-19"],"aioseo_notices":[],"_links":{"self":[{"href":"https:\/\/blog.scielo.org\/es\/wp-json\/wp\/v2\/posts\/3741","targetHints":{"allow":["GET"]}}],"collection":[{"href":"https:\/\/blog.scielo.org\/es\/wp-json\/wp\/v2\/posts"}],"about":[{"href":"https:\/\/blog.scielo.org\/es\/wp-json\/wp\/v2\/types\/post"}],"author":[{"embeddable":true,"href":"https:\/\/blog.scielo.org\/es\/wp-json\/wp\/v2\/users\/28"}],"replies":[{"embeddable":true,"href":"https:\/\/blog.scielo.org\/es\/wp-json\/wp\/v2\/comments?post=3741"}],"version-history":[{"count":4,"href":"https:\/\/blog.scielo.org\/es\/wp-json\/wp\/v2\/posts\/3741\/revisions"}],"predecessor-version":[{"id":3780,"href":"https:\/\/blog.scielo.org\/es\/wp-json\/wp\/v2\/posts\/3741\/revisions\/3780"}],"wp:featuredmedia":[{"embeddable":true,"href":"https:\/\/blog.scielo.org\/es\/wp-json\/wp\/v2\/media\/3743"}],"wp:attachment":[{"href":"https:\/\/blog.scielo.org\/es\/wp-json\/wp\/v2\/media?parent=3741"}],"wp:term":[{"taxonomy":"category","embeddable":true,"href":"https:\/\/blog.scielo.org\/es\/wp-json\/wp\/v2\/categories?post=3741"},{"taxonomy":"post_tag","embeddable":true,"href":"https:\/\/blog.scielo.org\/es\/wp-json\/wp\/v2\/tags?post=3741"}],"curies":[{"name":"wp","href":"https:\/\/api.w.org\/{rel}","templated":true}]}}