{"id":293,"date":"2013-08-08T16:50:31","date_gmt":"2013-08-08T19:50:31","guid":{"rendered":"http:\/\/blog.scielo.org\/es\/?p=293"},"modified":"2016-01-15T11:45:39","modified_gmt":"2016-01-15T13:45:39","slug":"el-sabor-de-la-brasilidad-en-el-mercado-central","status":"publish","type":"post","link":"https:\/\/blog.scielo.org\/es\/2013\/08\/08\/el-sabor-de-la-brasilidad-en-el-mercado-central\/","title":{"rendered":"El sabor de la brasilidad en el Mercado Central"},"content":{"rendered":"<p><b>Por Magali Oliveira Fernandes<\/b><\/p>\n<div id=\"attachment_296\" style=\"width: 250px\" class=\"wp-caption alignright\"><a href=\"http:\/\/blog.scielo.org\/es\/wp-content\/uploads\/sites\/3\/2013\/08\/mercadao02.jpg\" target=\"_blank\"><img loading=\"lazy\" decoding=\"async\" aria-describedby=\"caption-attachment-296\" class=\" wp-image-296 \" title=\"Foto: Gladstone Barreto.\" src=\"http:\/\/blog.scielo.org\/es\/wp-content\/uploads\/sites\/3\/2013\/08\/mercadao02-300x225.jpg\" alt=\"Foto: Gladstone Barreto.\" width=\"240\" height=\"180\" srcset=\"https:\/\/blog.scielo.org\/es\/wp-content\/uploads\/sites\/3\/2013\/08\/mercadao02-300x225.jpg 300w, https:\/\/blog.scielo.org\/es\/wp-content\/uploads\/sites\/3\/2013\/08\/mercadao02.jpg 1024w\" sizes=\"auto, (max-width: 240px) 100vw, 240px\" \/><\/a><p id=\"caption-attachment-296\" class=\"wp-caption-text\">Foto: <a href=\"http:\/\/www.flickr.com\/photos\/34552995@N08\/3223088940\/in\/photolist-5UPb3Y-87aFDg-6oZD9-87e2nE-4qccFv-9B26qV-8oYaFF-8p2gW9-8p2fxU-8PUWG7-8PRRL4-dDMuXF-dDSSNs-dDST5q-9mRZcK-9mS4pH-9mV1uW-9mS2Gc-9mS5eR-9mV6rw-9mRYsT-9mRZZk-9mS1SD-3SefvQ-3S9oPB-3S9oP4-3S9oNF-3Sefvj-3SefuL-bNPdKr-9mD7S9-4oa7Aj-4oa96G-4o64M8-4qgf9Q-4qggsC-8zDs98-8q6rjd-8q6rmo-7md4Kj-7mDsMW-8dedwF-8dedvK-7MtLHw-7MtLmE-8pkGpz-4NN4Ec-8q3hpT-4oa1i1-4qcd5x-sCenL\" target=\"_blank\">Gladstone Barreto<\/a>.<\/p><\/div>\n<p>A los participantes de SciELO 15 A\u00f1os les aconsejamos un paseo para disfrutar de Sao Paulo el s\u00e1bado o el domingo despu\u00e9s de la conferencia: una visita al Mercado Central o Mercado Municipal Paulistano, que en 2013 celebra sus 80 a\u00f1os de existencia. Es un espacio \u00fanico e interesante para disfrutar y sentir de cerca el sabor de la cultura en la ciudad de S\u00e3o Paulo. La exposici\u00f3n abundante de alimentos y bebidas de las m\u00e1s variadas en el edificio principal y en las adyacencias impresiona.<\/p>\n<div id=\"attachment_297\" style=\"width: 250px\" class=\"wp-caption alignright\"><a href=\"http:\/\/blog.scielo.org\/es\/wp-content\/uploads\/sites\/3\/2013\/08\/mercadao03.jpg\"><img loading=\"lazy\" decoding=\"async\" aria-describedby=\"caption-attachment-297\" class=\" wp-image-297 \" title=\"Tienda de queso y fiambres. Foto: Fernando Stankuns.\" src=\"http:\/\/blog.scielo.org\/es\/wp-content\/uploads\/sites\/3\/2013\/08\/mercadao03-300x225.jpg\" alt=\"Tienda de queso y fiambres. Foto: Fernando Stankuns.\" width=\"240\" height=\"180\" srcset=\"https:\/\/blog.scielo.org\/es\/wp-content\/uploads\/sites\/3\/2013\/08\/mercadao03-300x225.jpg 300w, https:\/\/blog.scielo.org\/es\/wp-content\/uploads\/sites\/3\/2013\/08\/mercadao03.jpg 800w\" sizes=\"auto, (max-width: 240px) 100vw, 240px\" \/><\/a><p id=\"caption-attachment-297\" class=\"wp-caption-text\">Tienda de queso y fiambres. Foto: <a href=\"http:\/\/www.flickr.com\/photos\/82289802@N00\/2648857379\/in\/photolist-53561P-539mdh-4NMBne-4NSuk5-4NSoAN-4NSkyS-4NN33r-4NN15D-7MtJZf-KUm17-4NMSBc-cPgxnS-cRca9C-cPgoTs-cPgybW-4NRMUC-cRcbYy-cPgvvs-cRbWLm-cPgw5W-cPgsXL-cPgttA-cRc23Q-cPgqbE-cRc37W-cPguKb-cPgmLb-cRbZ1W-cRc6k1-cRc4aA-cPgo7q-cPgqNC-cRbXRG-cPgpym-cRc8cJ-cRc143-cRc9dj-cPgnu1-cPgrwS-cRbVFG-cRbUCb-7P7W9M-4NMJGi-4NNmZ2-y2R7-y2Rh-y2Ra-4NRUwh-5355Wa-4HqKy5-bFRkR6\" target=\"_blank\">Fernando Stankuns<\/a>.<\/p><\/div>\n<p align=\"left\">Situado en el barrio de Br\u00e1s, Rua Cantareira, n\u00ba 306, es a la vez un mercado colorido y bullicioso. Hay frutas, verduras, quesos, carnes, diversas especias y productos de todo tipo.<\/p>\n<p>La gente viene al mercado preferentemente durante la semana. Pero el turismo, en mayor n\u00famero, se concentra los fines de semana por el atractivo del famoso pastel de bacalao, pero tambi\u00e9n por ejemplo, por los s\u00e1ndwiches de mortadela muy bien servidos: una ruta gastron\u00f3mica enteramente popular, \u00a1sin duda!<\/p>\n<div id=\"attachment_299\" style=\"width: 250px\" class=\"wp-caption alignright\"><a href=\"http:\/\/blog.scielo.org\/es\/wp-content\/uploads\/sites\/3\/2013\/08\/mercadao05.jpg\"><img loading=\"lazy\" decoding=\"async\" aria-describedby=\"caption-attachment-299\" class=\" wp-image-299 \" title=\"Uno de los vitrales del artista Conrado Sorgenicht. Foto: Tadeu Pereira.\" src=\"http:\/\/blog.scielo.org\/es\/wp-content\/uploads\/sites\/3\/2013\/08\/mercadao05-300x200.jpg\" alt=\"Uno de los vitrales del artista Conrado Sorgenicht. Foto: Tadeu Pereira.\" width=\"240\" height=\"160\" srcset=\"https:\/\/blog.scielo.org\/es\/wp-content\/uploads\/sites\/3\/2013\/08\/mercadao05-300x200.jpg 300w, https:\/\/blog.scielo.org\/es\/wp-content\/uploads\/sites\/3\/2013\/08\/mercadao05.jpg 1024w\" sizes=\"auto, (max-width: 240px) 100vw, 240px\" \/><\/a><p id=\"caption-attachment-299\" class=\"wp-caption-text\">Uno de los vitrales del artista Conrado Sorgenicht. Foto: <a href=\"http:\/\/www.flickr.com\/photos\/75583517@N00\/7332487100\/in\/photolist-caWUXo-6JrYk5-9YW2Hn\" target=\"_blank\">Tadeu Pereira<\/a>.<\/p><\/div>\n<p>Los comerciantes, clientes, turistas brasile\u00f1os y extranjeros constituyen un paisaje de m\u00faltiples voces y efectos visuales, en una superficie superior a 12 mil metros cuadrados, iluminado por la luz natural de las claraboyas que desciende hacia el mismo ritmo. Se suman aqu\u00ed en el Mercado Central, que nos lleva de vuelta al per\u00edodo de la d\u00e9cada de 1930, m\u00e1s de doscientos cincuenta almacenes o puestos. Un lugar en el &#8220;estilo neocl\u00e1sico con especias g\u00f3ticas&#8221;, como dice Carlos Perrone (2000), en <i>S\u00e3o Paulo por dentro<\/i>. En total, se puede disfrutar, adem\u00e1s del comercio y el men\u00fa, cincuenta y cinco bellos vitrales, obra del artista Conrado Sorgenicht en el dise\u00f1o arquitect\u00f3nico de la oficina Ramos de Azevedo.<\/p>\n<div id=\"attachment_300\" style=\"width: 250px\" class=\"wp-caption alignright\"><a href=\"http:\/\/blog.scielo.org\/es\/wp-content\/uploads\/sites\/3\/2013\/08\/sanduba_mortadela_mercadao_sp.jpg\"><img loading=\"lazy\" decoding=\"async\" aria-describedby=\"caption-attachment-300\" class=\" wp-image-300 \" title=\"El famoso s\u00e1ndwich de mortadela. Foto: SciELO.\" src=\"http:\/\/blog.scielo.org\/es\/wp-content\/uploads\/sites\/3\/2013\/08\/sanduba_mortadela_mercadao_sp-300x290.jpg\" alt=\"El famoso s\u00e1ndwich de mortadela. Foto: SciELO.\" width=\"240\" height=\"232\" srcset=\"https:\/\/blog.scielo.org\/es\/wp-content\/uploads\/sites\/3\/2013\/08\/sanduba_mortadela_mercadao_sp-300x290.jpg 300w, https:\/\/blog.scielo.org\/es\/wp-content\/uploads\/sites\/3\/2013\/08\/sanduba_mortadela_mercadao_sp-1024x990.jpg 1024w, https:\/\/blog.scielo.org\/es\/wp-content\/uploads\/sites\/3\/2013\/08\/sanduba_mortadela_mercadao_sp.jpg 1936w\" sizes=\"auto, (max-width: 240px) 100vw, 240px\" \/><\/a><p id=\"caption-attachment-300\" class=\"wp-caption-text\">El famoso s\u00e1ndwich de mortadela. Foto: SciELO.<\/p><\/div>\n<p>Poca gente sabe, pero, al principio, el Mercado Central fue construido con el fin de sustituir el Mercado Viejo, en la calle 25 de Marzo, donde eran recibidos, desde 1870, vendedores ambulantes de la ciudad de S\u00e3o Paulo y de otras regiones que comerciaban de todo un poco.<\/p>\n<p>En su origen, se preve\u00eda por lo tanto, con ese cambio de ubicaci\u00f3n &#8220;la conexi\u00f3n con el ferrocarril y el tranv\u00eda de la \u00e9poca, as\u00ed como por el r\u00edo Tamanduate\u00ed como transporte fluvial para traer frutas y verduras directamente de los jardines y huertos que exist\u00edan en sus m\u00e1rgenes, hoy en d\u00eda regiones urbanas e industriales del gran S\u00e3o Paulo&#8221; (Perrone 2000).<\/p>\n<p>En su historia, la participaci\u00f3n de otro hecho curioso involucrando al Mercado Central es que sirvi\u00f3 para el almacenamiento de productos muy diferentes a los actuales: p\u00f3lvora, muchas granadas, rifles, que fueron utilizados como munici\u00f3n para la Revoluci\u00f3n Paulista de 1932. Y s\u00f3lo al final del Movimiento Constitucionalista, en 1933, es que el mercado realmente se estabiliz\u00f3 como tal, permaneciendo activo hasta hoy en d\u00eda.<\/p>\n<p>Vale la pena comprobar de cerca nuestra recomendaci\u00f3n. Un espect\u00e1culo real de frutas con sabor a frutas, verduras con el frescor de la calidad, granos de todo tipo y colores en un mercado que hace tanto tiempo que casi no se ven m\u00e1s &#8230; en un ambiente tradicional, vivo y tan distinto del ambiente de las grandes cadenas de supermercados. \u00a1Ruta convincente para saborear en Sao Paulo!<\/p>\n<h3>Referencias<\/h3>\n<p>PERRONE, C. <i>S\u00e3o Paulo por dentro: um guia panor\u00e2mico de arquitetura.\u00a0<\/i>S\u00e3o Paulo: Senac, 2000. Mercado central: mercado municipal paulistano.<\/p>\n<p>&nbsp;<\/p>\n<p>Traducido del original en\u00a0<a href=\"http:\/\/blog.scielo.org\/blog\/2013\/08\/08\/o-gosto-da-brasilidade-no-mercado-central\/\" target=\"_blank\">portugu\u00e9s<\/a>\u00a0por\u00a0Ernesto Spinak.<\/p>\n","protected":false},"excerpt":{"rendered":"<p>Una visita al Mercado Central de Sao Paulo es la recomendaci\u00f3n para los participantes de la Conferencia  SciELO 15 A\u00f1os para apreciar el s\u00e1bado o el domingo una peque\u00f1a muestra del sabor de Sao Paulo. Situado en el mercado central de la ciudad constituye un espacio colorido de frutas, verduras, quesos, carnes, pescados y restaurantes, con movimiento de comerciantes, clientes, turistas en un precioso dise\u00f1o arquitect\u00f3nico. <span class=\"ellipsis\">&hellip;<\/span> <span class=\"more-link-wrap\"><a href=\"https:\/\/blog.scielo.org\/es\/2013\/08\/08\/el-sabor-de-la-brasilidad-en-el-mercado-central\/\" class=\"more-link\"><span>Read More &rarr;<\/span><\/a><\/span><\/p>\n","protected":false},"author":5,"featured_media":303,"comment_status":"open","ping_status":"open","sticky":false,"template":"","format":"standard","meta":{"om_disable_all_campaigns":false,"_monsterinsights_skip_tracking":false,"_monsterinsights_sitenote_active":false,"_monsterinsights_sitenote_note":"","_monsterinsights_sitenote_category":0,"footnotes":"","_links_to":"","_links_to_target":""},"categories":[2],"tags":[38,19],"class_list":["post-293","post","type-post","status-publish","format-standard","has-post-thumbnail","hentry","category-noticias","tag-ciudad-de-sao-paulo","tag-scielo-15-anos"],"aioseo_notices":[],"_links":{"self":[{"href":"https:\/\/blog.scielo.org\/es\/wp-json\/wp\/v2\/posts\/293","targetHints":{"allow":["GET"]}}],"collection":[{"href":"https:\/\/blog.scielo.org\/es\/wp-json\/wp\/v2\/posts"}],"about":[{"href":"https:\/\/blog.scielo.org\/es\/wp-json\/wp\/v2\/types\/post"}],"author":[{"embeddable":true,"href":"https:\/\/blog.scielo.org\/es\/wp-json\/wp\/v2\/users\/5"}],"replies":[{"embeddable":true,"href":"https:\/\/blog.scielo.org\/es\/wp-json\/wp\/v2\/comments?post=293"}],"version-history":[{"count":11,"href":"https:\/\/blog.scielo.org\/es\/wp-json\/wp\/v2\/posts\/293\/revisions"}],"predecessor-version":[{"id":1958,"href":"https:\/\/blog.scielo.org\/es\/wp-json\/wp\/v2\/posts\/293\/revisions\/1958"}],"wp:featuredmedia":[{"embeddable":true,"href":"https:\/\/blog.scielo.org\/es\/wp-json\/wp\/v2\/media\/303"}],"wp:attachment":[{"href":"https:\/\/blog.scielo.org\/es\/wp-json\/wp\/v2\/media?parent=293"}],"wp:term":[{"taxonomy":"category","embeddable":true,"href":"https:\/\/blog.scielo.org\/es\/wp-json\/wp\/v2\/categories?post=293"},{"taxonomy":"post_tag","embeddable":true,"href":"https:\/\/blog.scielo.org\/es\/wp-json\/wp\/v2\/tags?post=293"}],"curies":[{"name":"wp","href":"https:\/\/api.w.org\/{rel}","templated":true}]}}