{"id":2639,"date":"2018-02-21T16:00:05","date_gmt":"2018-02-21T19:00:05","guid":{"rendered":"http:\/\/blog.scielo.org\/es\/?p=2639"},"modified":"2019-05-02T16:22:01","modified_gmt":"2019-05-02T19:22:01","slug":"conferencia-scielo-20-anos-un-foro-innovador-y-participativo-sobre-el-futuro-de-la-comunicacion-cientifica","status":"publish","type":"post","link":"https:\/\/blog.scielo.org\/es\/2018\/02\/21\/conferencia-scielo-20-anos-un-foro-innovador-y-participativo-sobre-el-futuro-de-la-comunicacion-cientifica\/","title":{"rendered":"Conferencia SciELO 20 A\u00f1os \u2013 un foro innovador y participativo sobre el futuro de la comunicaci\u00f3n cient\u00edfica"},"content":{"rendered":"<p><strong>Por Abel L. Packer, Alex Mendon\u00e7a, Solange Santos, Lu\u00eds Gomes e Denise Peres Sales<\/strong><\/p>\n<p><a href=\"http:\/\/blog.scielo.org\/es\/wp-content\/uploads\/sites\/3\/2018\/02\/editorial_es.png\" target=\"_blank\" rel=\"noopener noreferrer\"><img loading=\"lazy\" decoding=\"async\" class=\"alignright wp-image-2640 size-medium\" src=\"http:\/\/blog.scielo.org\/es\/wp-content\/uploads\/sites\/3\/2018\/02\/editorial_es-300x180.png\" alt=\"\" width=\"300\" height=\"180\" srcset=\"https:\/\/blog.scielo.org\/es\/wp-content\/uploads\/sites\/3\/2018\/02\/editorial_es-300x180.png 300w, https:\/\/blog.scielo.org\/es\/wp-content\/uploads\/sites\/3\/2018\/02\/editorial_es-768x461.png 768w, https:\/\/blog.scielo.org\/es\/wp-content\/uploads\/sites\/3\/2018\/02\/editorial_es-1024x614.png 1024w, https:\/\/blog.scielo.org\/es\/wp-content\/uploads\/sites\/3\/2018\/02\/editorial_es-150x90.png 150w, https:\/\/blog.scielo.org\/es\/wp-content\/uploads\/sites\/3\/2018\/02\/editorial_es.png 1610w\" sizes=\"auto, (max-width: 300px) 100vw, 300px\" \/><\/a><\/p>\n<p>La celebraci\u00f3n de los 20 a\u00f1os de SciELO en 2018 culminar\u00e1 en la semana del 24 a 28 de septiembre con las reuniones de la Red SciELO en los d\u00edas 24 y 25 y da la conferencia internacional SciELO 20 A\u00f1os en los d\u00edas 26 a 28. El sitio &lt;<a href=\"https:\/\/www.scielo20.org\/es\/\" target=\"_blank\" rel=\"noopener noreferrer\">www.scielo20.org\/es\/<\/a>&gt; documentar\u00e1 la evoluci\u00f3n de la organizaci\u00f3n de la semana SciELO 20 A\u00f1os.<\/p>\n<p>Ente las principales actividades preparatorias de la reuni\u00f3n de la Red SciELO est\u00e1n la auto evaluaci\u00f3n de las 15 coordinaciones nacionales, la actualizaci\u00f3n de las l\u00edneas prioritarias de acci\u00f3n para los pr\u00f3ximos a\u00f1os y la elaboraci\u00f3n de una serie de gu\u00edas, productos y servicios de actualizaci\u00f3n del Modelo SciELO de Publicaci\u00f3n que ser\u00e1n lanzados en septiembre. Estas actividades alimentar\u00e1n el programa de la reuni\u00f3n de la Red que ser\u00e1 definido en conjunto con las coordinaciones nacionales al final de julio.<\/p>\n<p>La Conferencia SciELO 20 A\u00f1os debatir\u00e1 12 temas principales organizados en cuatro l\u00edneas program\u00e1ticas que abordar\u00e1n las tendencias, innovaciones, metodolog\u00edas y tecnolog\u00edas que est\u00e1n moldeando el futuro de la comunicaci\u00f3n de las investigaciones y las funciones claves de las revistas. En conjunto, las l\u00edneas program\u00e1ticas abordar\u00e1n las funciones esenciales de la comunicaci\u00f3n cient\u00edfica y el alineamiento con las buenas pr\u00e1cticas de comunicaci\u00f3n de la ciencia abierta. Previamente a la conferencia, los 12 temas ser\u00e1n analizados en sus diferentes facetas mediante art\u00edculos, posts y entrevistas y ser\u00e1n debatidos en un panel de especialistas e interesados en los temas. De esta manera, el programa de la conferencia estar\u00e1 orientado al debate en la perspectiva de ampliar y profundizar el conocimiento sobre el estado actual y futuro de la comunicaci\u00f3n cient\u00edfica; particularmente los impactos, riesgos y oportunidades que se abren a las revistas en los diferentes contextos y para el Programa SciELO como un todo.<\/p>\n<p>Las cuatro l\u00edneas program\u00e1ticas que estructurar\u00e1n la construcci\u00f3n de los paneles tem\u00e1ticos del programa de la conferencia son las siguientes: (i) tema claves y estructurales del avance la comunicaci\u00f3n de las investigaciones; (ii) globalizaci\u00f3n y el avance del acceso abierto; (iii) publicaci\u00f3n de revistas y su alineamiento con la ciencias abiertas; y (iv) evaluaci\u00f3n de las revistas y de las investigaciones que comunican.<\/p>\n<p>Cada l\u00ednea program\u00e1tica ser\u00e1 desarrollada mediante tres paneles tem\u00e1ticos. El cuadro que sigue resume la estructura del programa de la conferencia y la definici\u00f3n preliminar de cada uno de los paneles tem\u00e1ticos y de los respectivos d\u00edas y horarios.<\/p>\n<table border=\"2px\" width=\"100%\" cellspacing=\"1px\" cellpadding=\"1px\">\n<tbody>\n<tr>\n<td style=\"vertical-align: middle;\" rowspan=\"2\" align=\"center\"><strong>Horario<\/strong><\/td>\n<td style=\"vertical-align: middle;\" rowspan=\"2\"><strong>L\u00ednea program\u00e1tica<\/strong><\/td>\n<td style=\"vertical-align: middle;\" colspan=\"3\" align=\"center\"><strong>Panel tem\u00e1tico<\/strong><\/td>\n<\/tr>\n<tr>\n<td style=\"vertical-align: middle;\"><strong>d\u00eda 26<br \/>\nmi\u00e9rcoles<\/strong><\/td>\n<td style=\"vertical-align: middle;\"><strong>d\u00eda 27<br \/>\njueves<\/strong><\/td>\n<td style=\"vertical-align: middle;\"><strong>d\u00eda 28<br \/>\nviernes<\/strong><\/td>\n<\/tr>\n<tr>\n<td style=\"vertical-align: middle;\">09:00-10:30<\/td>\n<td style=\"vertical-align: middle;\">Temas claves y estructurantes del avance de la comunicaci\u00f3n de las investigaciones<\/td>\n<td style=\"vertical-align: middle;\">El conocimiento cient\u00edfico como bien p\u00fablico. Las revistas SciELO y la calificaci\u00f3n social de la investigaci\u00f3n<\/td>\n<td style=\"vertical-align: middle;\">Ciencia abierta: Datos, materiales, <em>softwares<\/em> abiertos<\/td>\n<td style=\"vertical-align: middle;\">Ciencia abierta: control de calidad, transparencia, \u00e9tica<\/td>\n<\/tr>\n<tr>\n<td style=\"vertical-align: middle;\" colspan=\"5\" align=\"center\">Intervalo<\/td>\n<\/tr>\n<tr>\n<td style=\"vertical-align: middle;\">11:00-12:30<\/td>\n<td style=\"vertical-align: middle;\">Globalizaci\u00f3n y avance del acceso abierto<\/td>\n<td style=\"vertical-align: middle;\">Apertura de la conferencia \u2013 discurso de las autoridades<\/td>\n<td style=\"vertical-align: middle;\">Acceso Abierto \u2013 sustentabilidad, soluciones nacionales<\/td>\n<td style=\"vertical-align: middle;\">Acceso Abierto \u2013 V\u00edas para la universalizaci\u00f3n del acceso abierto<\/td>\n<\/tr>\n<tr>\n<td style=\"vertical-align: middle;\" colspan=\"5\" align=\"center\">Intervalo \u2013 almuerzo<\/td>\n<\/tr>\n<tr>\n<td style=\"vertical-align: middle;\">14:00-15:30<\/td>\n<td style=\"vertical-align: middle;\">La publicaci\u00f3n de revistas alineada con la ciencia abierta<\/td>\n<td style=\"vertical-align: middle;\">Rapidez en la comunicaci\u00f3n: <em>preprints<\/em>, arbitraje por pares, publicaci\u00f3n continua<\/td>\n<td style=\"vertical-align: middle;\">La estructuraci\u00f3n de los art\u00edculos cient\u00edficos: creaci\u00f3n XML<\/td>\n<td style=\"vertical-align: middle;\">Interoperabilidad, visibilidad, credibilidad<\/td>\n<\/tr>\n<tr>\n<td style=\"vertical-align: middle;\" colspan=\"5\" align=\"center\">Intervalo<\/td>\n<\/tr>\n<tr>\n<td style=\"vertical-align: middle;\">16:00-17:30<\/td>\n<td style=\"vertical-align: middle;\">Evaluaci\u00f3n de las revistas y de las investigaciones que comunican<\/td>\n<td style=\"vertical-align: middle;\">El impacto de las revistas y de las investigaciones que comunican en la pol\u00edtica y en la sociedad<\/td>\n<td style=\"vertical-align: middle;\">El impacto cient\u00edfico de las revistas y de las investigaciones que comunican \u2013 indicadores de citaciones<\/td>\n<td style=\"vertical-align: middle;\">La presencia en el Web de las revistas y de las investigaciones que comunican<\/td>\n<\/tr>\n<tr>\n<td style=\"vertical-align: middle;\">18:00-18:45<\/td>\n<td style=\"vertical-align: middle;\" colspan=\"4\" align=\"center\">Cursos y seminarios<\/td>\n<\/tr>\n<\/tbody>\n<\/table>\n<p>&nbsp;<\/p>\n<p>Los paneles tem\u00e1ticos ser\u00e1n formulados y desarrollados con el apoyo de un documento inicial que detalla su alcance y de un comit\u00e9 cient\u00edfico. La expectativa es contar con la mayor\u00eda de los comit\u00e9s tem\u00e1ticos operando regularmente a partir de abril. Los comit\u00e9s coordinar\u00e1n la preparaci\u00f3n de los temas previamente a la conferencia mediante bibliograf\u00edas seleccionadas, entrevistas, posts y art\u00edculos y definir\u00e1n en conjunto con el comit\u00e9 general los panelistas que participar\u00e1n de los respectivos paneles en la conferencia. Los posts ser\u00e1n publicados en el blog SciELO en Perspectiva y los art\u00edculos en el servidor SciELO Preprints.<\/p>\n<p>Como es pol\u00edtica de SciELO, la composici\u00f3n de los comit\u00e9s y del cuadro de panelistas deber\u00e1 estar equilibrada en t\u00e9rminos de representatividad de g\u00e9nero, de origen geogr\u00e1fico y tem\u00e1tico.<\/p>\n<h3>Colaboraci\u00f3n con el programa de la Conferencia SciELO 20 A\u00f1os<\/h3>\n<p>Si usted tiene inter\u00e9s en colaborar con la formulaci\u00f3n, an\u00e1lisis y debate de cualquier tema de la programaci\u00f3n de la Conferencia SciELO 20 A\u00f1os escriba al mail: <a href=\"mailto:scielo20@scielo.org\" target=\"_blank\" rel=\"noopener noreferrer\">scielo20@scielo.org<\/a>.<\/p>\n<h3>Inscripci\u00f3n para participar en la Reuni\u00f3n de la Red ScieLO y\/o en la Conferencia SciELO 20 A\u00f1os<\/h3>\n<p>Las inscripciones est\u00e1n abiertas. Visite el sitio de la semana SciELO 20 A\u00f1os y aproveche los valores de inscripci\u00f3n promocional hasta el 30 de junio de 2018.<\/p>\n<h3>Patrocinadores<\/h3>\n<p>Las instituciones y empresas que deseen patrocinar la realizaci\u00f3n de la Conferencia SciELO 20 A\u00f1os ser\u00e1n bien venidas. El contacto es por mail: <a href=\"mailto:scielo20@scielo.org\" target=\"_blank\" rel=\"noopener noreferrer\">scielo20@scielo.org<\/a>.<\/p>\n<h3>Enlaces externo<\/h3>\n<p>SciELO 20 Anos &lt;<a href=\"https:\/\/www.scielo20.org\/es\/\" target=\"_blank\" rel=\"noopener noreferrer\">www.scielo20.org\/es\/<\/a>&gt;<\/p>\n<p>&nbsp;<\/p>\n<div class=\"pf-content\">\n<p>Traducido del original en\u00a0<a href=\"http:\/\/blog.scielo.org\/blog\/2018\/02\/21\/conferencia-scielo-20-anos-um-forum-inovador-e-participativo-sobre-o-futuro-da-comunicacao-cientifica\/\" target=\"_blank\" rel=\"noopener noreferrer\">portugu\u00e9s<\/a>\u00a0por Ernesto Spinak.<\/p>\n<\/div>\n","protected":false},"excerpt":{"rendered":"<p>La celebraci\u00f3n de los 20 a\u00f1os del SciELO en 2018 culminar\u00e1 con la Reuni\u00f3n de la Red SciELO y la Conferencia SciELO 20 A\u00f1os, en la semana del 24 al 28 de septiembre. La reuni\u00f3n de la Red abordar\u00e1 las actualizaciones del Modelo SciELO de Publicaci\u00f3n y las l\u00edneas prioritarias de acci\u00f3n para los pr\u00f3ximos a\u00f1os. La Conferencia SciELO 20 A\u00f1os debatir\u00e1 12 temas contempor\u00e1neos de la comunicaci\u00f3n cient\u00edfica. Cada uno de los temas se desarrollar\u00e1 bajo la coordinaci\u00f3n de un comit\u00e9 cient\u00edfico que reunir\u00e1 bibliograf\u00edas, entrevistas, posts y art\u00edculos que orientar\u00e1n los debates en la Conferencia 20 A\u00f1os. <span class=\"ellipsis\">&hellip;<\/span> <span class=\"more-link-wrap\"><a href=\"https:\/\/blog.scielo.org\/es\/2018\/02\/21\/conferencia-scielo-20-anos-un-foro-innovador-y-participativo-sobre-el-futuro-de-la-comunicacion-cientifica\/\" class=\"more-link\"><span>Read More &rarr;<\/span><\/a><\/span><\/p>\n","protected":false},"author":5,"featured_media":2641,"comment_status":"open","ping_status":"open","sticky":false,"template":"","format":"standard","meta":{"om_disable_all_campaigns":false,"_monsterinsights_skip_tracking":false,"_monsterinsights_sitenote_active":false,"_monsterinsights_sitenote_note":"","_monsterinsights_sitenote_category":0,"footnotes":"","_links_to":"","_links_to_target":""},"categories":[42],"tags":[18,48,55,56,8,9,61],"class_list":["post-2639","post","type-post","status-publish","format-standard","has-post-thumbnail","hentry","category-editoriales","tag-acceso-abierto","tag-datos-abiertos","tag-el-futuro-de-la-evaluacion-por-pares","tag-preprint","tag-programa-scielo","tag-red-scielo","tag-scielo-20-anos"],"aioseo_notices":[],"_links":{"self":[{"href":"https:\/\/blog.scielo.org\/es\/wp-json\/wp\/v2\/posts\/2639","targetHints":{"allow":["GET"]}}],"collection":[{"href":"https:\/\/blog.scielo.org\/es\/wp-json\/wp\/v2\/posts"}],"about":[{"href":"https:\/\/blog.scielo.org\/es\/wp-json\/wp\/v2\/types\/post"}],"author":[{"embeddable":true,"href":"https:\/\/blog.scielo.org\/es\/wp-json\/wp\/v2\/users\/5"}],"replies":[{"embeddable":true,"href":"https:\/\/blog.scielo.org\/es\/wp-json\/wp\/v2\/comments?post=2639"}],"version-history":[{"count":10,"href":"https:\/\/blog.scielo.org\/es\/wp-json\/wp\/v2\/posts\/2639\/revisions"}],"predecessor-version":[{"id":3358,"href":"https:\/\/blog.scielo.org\/es\/wp-json\/wp\/v2\/posts\/2639\/revisions\/3358"}],"wp:featuredmedia":[{"embeddable":true,"href":"https:\/\/blog.scielo.org\/es\/wp-json\/wp\/v2\/media\/2641"}],"wp:attachment":[{"href":"https:\/\/blog.scielo.org\/es\/wp-json\/wp\/v2\/media?parent=2639"}],"wp:term":[{"taxonomy":"category","embeddable":true,"href":"https:\/\/blog.scielo.org\/es\/wp-json\/wp\/v2\/categories?post=2639"},{"taxonomy":"post_tag","embeddable":true,"href":"https:\/\/blog.scielo.org\/es\/wp-json\/wp\/v2\/tags?post=2639"}],"curies":[{"name":"wp","href":"https:\/\/api.w.org\/{rel}","templated":true}]}}