{"id":26,"date":"2013-07-15T16:35:10","date_gmt":"2013-07-15T19:35:10","guid":{"rendered":"http:\/\/blog.scielo.org\/es\/?p=26"},"modified":"2016-01-14T14:41:35","modified_gmt":"2016-01-14T16:41:35","slug":"la-ciudad-de-sao-paulo","status":"publish","type":"post","link":"https:\/\/blog.scielo.org\/es\/2013\/07\/15\/la-ciudad-de-sao-paulo\/","title":{"rendered":"La ciudad de S\u00e3o Paulo"},"content":{"rendered":"<p><img loading=\"lazy\" decoding=\"async\" class=\"alignright wp-image-65\" src=\"http:\/\/blog.scielo.org\/es\/wp-content\/uploads\/sites\/3\/2013\/07\/sao-paulo1-289x300.png\" alt=\"sao-paulo\" width=\"231\" height=\"240\" srcset=\"https:\/\/blog.scielo.org\/es\/wp-content\/uploads\/sites\/3\/2013\/07\/sao-paulo1-289x300.png 289w, https:\/\/blog.scielo.org\/es\/wp-content\/uploads\/sites\/3\/2013\/07\/sao-paulo1.png 303w\" sizes=\"auto, (max-width: 231px) 100vw, 231px\" \/>S\u00e3o Paulo ser\u00e1 la sede de la Conferencia SciELO 15 A\u00f1os. Una ciudad que siempre sorprende al visitante que llega por primera vez, o aqu\u00e9l que en los muchos retornos va descubriendo las sutilezas que ofrece el lugar.<\/p>\n<p>Los asistentes a la conferencia SciELO 15 A\u00f1os, estar\u00e1n localizados en un punto c\u00e9ntrico, lo que sin duda facilitar\u00e1 conocer m\u00e1s a esta megal\u00f3polis, una de las ciudades m\u00e1s pobladas del planeta, seg\u00fan le IBGE, que tiene una poblaci\u00f3n equivalente a 10,9 millones de habitantes. Y si se toma en cuenta la regi\u00f3n metropolitana de la capital, llega a un total de 19 millones de habitantes. Capital del estado de S\u00e3o Paulo, en la regi\u00f3n sureste de Brasil, de clima tropical templado, es uno de los centros financieros m\u00e1s importantes de Am\u00e9rica Latina, y de referencia nacional en el desarrollo econ\u00f3mico y cultural.<\/p>\n<p>SciELO tambi\u00e9n naci\u00f3 en S\u00e3o Paulo y se extendi\u00f3 por Am\u00e9rica, por lo que hace parte de este movimiento que caracteriza a la ciudad: un lugar de desarrollo, de encuentros y reuniones de los diferentes pueblos y grupos \u00e9tnicos. Se constata tambi\u00e9n en las calles la riqueza que trajo el mestizaje, en la mezcla de culturas diversas. Algo que se ha perpetuado desde su fundaci\u00f3n hace m\u00e1s de cinco siglos. Una forma de convivencia a la vez intensa y tensa, pero que su balance en el ritmo din\u00e1mico, tiene un signo de efervescencia de ideas en el campo de las artes y las ciencias.<\/p>\n<div id=\"attachment_98\" style=\"width: 209px\" class=\"wp-caption alignleft\"><a href=\"http:\/\/www.flickr.com\/photos\/93107709@N00\/3534217029\/in\/photolist-6oiMAn-627aod-622SKX-9d27HH-cX5d4-dSPeXj-dSHEar-dSHECD-dSPeJh-b3XcHV-b3XdNc-6LckNf-6LckYC-9C56np-dSPeQo-6Lcmgm-3JVHEC-6L8bUr-9XuYW1-wAkfM-3gC71-6cRUCz-6cRUxM-zFmGy-3epTyc-ayANCY-ayATY1-ayy5xK-ayy7x6-ayy5TV-ayAMR9-ayyaMk-ayATfC-ayALnC-ayASBU-ayATAb-ayyb9H-ayARdm-ayyaXR-ayybkg-ayyait-ayy9MT-ayy9b4-ayANQd-ayy7HB-ayALM1-ayAMDL-ayAPHC-ayycD6-ayybE6-ayANZu\" target=\"_blank\"><img loading=\"lazy\" decoding=\"async\" aria-describedby=\"caption-attachment-98\" class=\" wp-image-98 \" src=\"http:\/\/blog.scielo.org\/es\/wp-content\/uploads\/sites\/3\/2013\/07\/saopaulo01-199x300.jpg\" alt=\"saopaulo01\" width=\"199\" height=\"300\" srcset=\"https:\/\/blog.scielo.org\/es\/wp-content\/uploads\/sites\/3\/2013\/07\/saopaulo01-199x300.jpg 199w, https:\/\/blog.scielo.org\/es\/wp-content\/uploads\/sites\/3\/2013\/07\/saopaulo01.jpg 333w\" sizes=\"auto, (max-width: 199px) 100vw, 199px\" \/><\/a><p id=\"caption-attachment-98\" class=\"wp-caption-text\">Catedral da S\u00e9. Foto: Daniel Mitsuo<\/p><\/div>\n<p>La cocina tambi\u00e9n es un punto fuerte de la ciudad. Se pueden conocer restaurantes \u2013 de lujo o bien simples \u2013 distribuidos en los distintos barrios, que ofrecen al p\u00fablico \u2013 de la ciudad o de fuera \u2013 tanto la t\u00edpica feijoada brasilera como otros platos no necesariamente de origen brasilero. T\u00f3mese en cuenta el gran \u00e9xito de la cocina japonesa en S\u00e3o Paulo. Otro ejemplo es la cocina \u00e1rabe que no se queda atr\u00e1s en calidad.<\/p>\n<p>Aunque la ciudad no proporciona a sus residentes y visitantes muchos paisajes buc\u00f3licos ni la tranquilidad de un lugar para descanso o reposo \u2013 m\u00e1s bien, es la agitaci\u00f3n en general que predomina en la vida cotidiana de los paulistas -, vale la pena comprobar en los intervalos diarios que la ciudad crea y recrea como una forma de respiro frente a su arquitectura, lugares no siempre considerados como puntos tur\u00edsticos que sin embargo son curiosos e interesantes para ser vistos y experimentados. Barrios como Liberdade, con una concentraci\u00f3n importante de cultura oriental; <a href=\"http:\/\/www.cidadedesaopaulo.com\/sp\/es\/que-visitar\/231-vila-madalena\" target=\"_blank\">Vila Madalena<\/a>, por su arte en exhibici\u00f3n y comercios de artistas pl\u00e1sticos y artesanos; <a href=\"http:\/\/www.pracabeneditocalixto.com.br\/\" target=\"_blank\">Plaza Benedicto Calixto<\/a> con objetos y antig\u00fcedades; <a href=\"http:\/\/www.saopaulo.sp.gov.br\/conhecasp\/turismo_parques_carmo\" target=\"_blank\">Parque do Carmo<\/a> en Itaquera, agregando artistas al aire libre. El <a href=\"http:\/\/www.mercadomunicipal.com.br\/index.php?page=espanol\" target=\"_blank\">Mercado Municipal de S\u00e3o Paulo<\/a> y la <a href=\"http:\/\/www.estacaodaluz.pt\/\" target=\"_blank\">Esta\u00e7\u00e3o da Luz<\/a>, en la regi\u00f3n central de la ciudad. Tambi\u00e9n hay festivales populares y ferias que se celebran a lo largo del a\u00f1o, con la participaci\u00f3n efectiva de mucha gente.<\/p>\n<p>La ciudad de S\u00e3o Paulo, fundada el 25 de enero de 1554 por los padres jesuitas &#8211; incluyendo entre ellos a Manuel da N\u00f3brega y Jos\u00e9 de Anchieta &#8211; obtuvo su nombre inspir\u00e1ndose en el ap\u00f3stol Pablo de Tarso, en la fecha que se conmemora su conversi\u00f3n al cristianismo. El Colegio de los Jesuitas creado durante la fundaci\u00f3n de la ciudad todav\u00eda existe hoy en d\u00eda, el <a href=\"http:\/\/www.pateocollegio.com.br\/newsite\/conteudo.asp\" target=\"_blank\">Patio del Colegio<\/a> o Museo Anchieta, se puede visitar en el Centro Hist\u00f3rico de S\u00e3o Paulo.<\/p>\n<div id=\"attachment_99\" style=\"width: 310px\" class=\"wp-caption alignright\"><a href=\"http:\/\/www.flickr.com\/photos\/8473570@N02\/5189993733\/in\/photolist-8UC5jz-bipvM4-bGe2dB-4fRbYN-5Drrhb-7P819M-nwgBt-aWMW9T-9Xqty1-9Xqv9u-9XnD84-9XqtWh-9XqurA-6szLUX-7KyJP8-dpcfSU-5XFZnx-5pAFtf-6szLQx-7FHs2V-4fRcxU-7FMkvy-7FHsbD-7FMjPw-7FMk9Q-7FHq9D-7FHrDc-889JPD-88cW3C-9U2ond-dpdsgG-aDjvsZ-9Ug5uf-aDomeL-5DaUhN-6szM6R-8Lp2SC-7xdcYt\" target=\"_blank\"><img loading=\"lazy\" decoding=\"async\" aria-describedby=\"caption-attachment-99\" class=\" wp-image-99 \" src=\"http:\/\/blog.scielo.org\/es\/wp-content\/uploads\/sites\/3\/2013\/07\/saopaulo02-300x146.jpg\" alt=\"IMG_8806\" width=\"300\" height=\"146\" srcset=\"https:\/\/blog.scielo.org\/es\/wp-content\/uploads\/sites\/3\/2013\/07\/saopaulo02-300x146.jpg 300w, https:\/\/blog.scielo.org\/es\/wp-content\/uploads\/sites\/3\/2013\/07\/saopaulo02.jpg 500w\" sizes=\"auto, (max-width: 300px) 100vw, 300px\" \/><\/a><p id=\"caption-attachment-99\" class=\"wp-caption-text\">Monumento \u00e0s Bandeiras. Foto: Fran\u00e7ois Philipp<\/p><\/div>\n<p>En su historia, S\u00e3o Paulo recibi\u00f3 &#8211; y contin\u00faa recibiendo &#8211; una gran cantidad de inmigrantes: desde los tiempos del Brasil colonial, con los portugueses y los africanos en el pa\u00eds, y m\u00e1s tarde al final del siglo XIX, y tambi\u00e9n por causa de las guerras en Europa en el siglo XX, vinieron italianos, espa\u00f1oles, \u00e1rabes, libaneses, sirios, alemanes, lituanos, chinos, japoneses, armenios, coreanos, entre otros.<\/p>\n<p>Aparte de los inmigrantes, S\u00e3o Paulo tambi\u00e9n tiene un flujo interno significativo de inmigrantes de todas partes del pa\u00eds, pero especialmente de las regiones Norte y Nordeste, en busca de empleos y otras oportunidades para la integraci\u00f3n en el espacio urbano, lo que tambi\u00e9n contribuye m\u00e1s al aspecto de la diversidad y de la riqueza social.<\/p>\n<p>Antes de la Conferencia SciELO 15 A\u00f1os, el blog SciELO en Perspectiva dar\u00e1 a conocer de a poco las opciones de viaje a S\u00e3o Paulo. Lo que el visitante puede saber &#8230;<\/p>\n<div id=\"attachment_100\" style=\"width: 310px\" class=\"wp-caption alignleft\"><a href=\"http:\/\/www.flickr.com\/photos\/8865243@N02\/6228336881\/in\/photolist-aunRyD-aukvCp-auqasW-auo2rY-aunD86-auojeT-aupkk5-auobYy-aunQDY-aujyBi-aunckG-aunYTu-aukeqp-auntn6-aunN6S-aujVxX-aunGBo-54f8NU-9gcBxR-9619Hk-97dQkD-9Lk8mA-57ZNUt-9gcJAp-7yo9kQ-6LCFLV-bFdfbm-dD1wVN-dCV8N8-aunwEE-aunpbY-auqcPL-aupcQf-aupa3y-auoagT-auoe1S-aunYVM-auppsm-aujGsi-auo2qV-aunW8Q-auoh5n-aun8W5-auks9c-aunBGC-aupyvG-aukYae-aumXsn-aup3k9-auoiey-aujwhr\" target=\"_blank\"><img loading=\"lazy\" decoding=\"async\" aria-describedby=\"caption-attachment-100\" class=\" wp-image-100 \" src=\"http:\/\/blog.scielo.org\/es\/wp-content\/uploads\/sites\/3\/2013\/07\/saopaulo05-300x198.jpg\" alt=\"Foto: Rodrigo Soldon\" width=\"300\" height=\"198\" srcset=\"https:\/\/blog.scielo.org\/es\/wp-content\/uploads\/sites\/3\/2013\/07\/saopaulo05-300x198.jpg 300w, https:\/\/blog.scielo.org\/es\/wp-content\/uploads\/sites\/3\/2013\/07\/saopaulo05.jpg 500w\" sizes=\"auto, (max-width: 300px) 100vw, 300px\" \/><\/a><p id=\"caption-attachment-100\" class=\"wp-caption-text\">Museu do Ipiranga. Foto: Rodrigo Soldon<\/p><\/div>\n<p>El consejo de este n\u00famero inaugural de <i>SciELO en Perspectiva<\/i> son las indicaciones de los museos y monumentos hist\u00f3ricos que la ciudad posee, desde el <a href=\"http:\/\/www.pateocollegio.com.br\/newsite\/conteudo.asp\">P\u00e1tio do Col\u00e9gio<\/a>, <a href=\"http:\/\/www.mp.usp.br\/\">Museu do Ipiranga<\/a>, <a href=\"http:\/\/www.catedraldase.org.br\/\">Catedral da S\u00e9<\/a>, <a href=\"http:\/\/www.museuartesacra.org.br\/\">Museu de Arte Sacra<\/a>, <a href=\"http:\/\/www.pinacoteca.org.br\/pinacoteca-pt\/default.aspx?mn=570&amp;c=1035&amp;s=0&amp;friendly=estacao-pinacoteca\">Esta\u00e7\u00e3o Pinacoteca<\/a>, <a href=\"http:\/\/www.ibot.sp.gov.br\/jardim\/\">Jardim Bot\u00e2nico de S\u00e3o Paulo<\/a>, hasta los espacios de arte m\u00e1s actuales, como <a href=\"http:\/\/www.parqueibirapuera.org\/areas-externas-do-parque-ibirapuera\/monumento-as-bandeiras\/\">Monumento \u00e0s Bandeiras<\/a>, <a href=\"http:\/\/www.memorial.org.br\/\">Memorial da Am\u00e9rica Latina<\/a>, <a href=\"http:\/\/www.museulinguaportuguesa.org.br\/\">Museu da L\u00edngua Portuguesa<\/a>, <a href=\"http:\/\/masp.art.br\/masp2010\/\">Museu de Arte de S\u00e3o Paulo (MASP)<\/a>, <a href=\"http:\/\/www.mam.org.br\/\">Museu de Arte Moderna de S\u00e3o Paulo (MAM)<\/a>, <a href=\"http:\/\/mube.art.br\/\">Museu Brasileiro da Escultura (MuBE), <\/a>\u00a0<a href=\"http:\/\/www.mis-sp.org.br\/\">Museu da Imagem e do Som (MIS)<\/a>, <a href=\"http:\/\/www.museusegall.org.br\/\">Museu Lasar Segall<\/a>, <a href=\"http:\/\/www.museudofutebol.org.br\/\">Museu do Futebol<\/a>, y as\u00ed sucesivamente.<\/p>\n<p>&nbsp;<\/p>\n<p>Traducido del original en\u00a0<a href=\"http:\/\/blog.scielo.org\/blog\/2013\/07\/15\/a-cidade-de-sao-paulo\/\">portugu\u00e9s<\/a>\u00a0por\u00a0Ernesto Spinak.<\/p>\n","protected":false},"excerpt":{"rendered":"<p>S\u00e3o Paulo ser\u00e1 la sede de la Conferencia SciELO 15 A\u00f1os. Una ciudad que siempre sorprende al visitante que llega por primera vez, o aqu\u00e9l que en los muchos retornos va descubriendo las sutilezas que ofrece el lugar. La conferencia SciELO 15 A\u00f1os tendr\u00e1 lugar en un punto c\u00e9ntrico, lo que sin duda facilitar\u00e1 a los participantes conocer m\u00e1s a esta megal\u00f3polis, centro de referencia econ\u00f3mica, cient\u00edfica y cultural. <span class=\"ellipsis\">&hellip;<\/span> <span class=\"more-link-wrap\"><a href=\"https:\/\/blog.scielo.org\/es\/2013\/07\/15\/la-ciudad-de-sao-paulo\/\" class=\"more-link\"><span>Read More &rarr;<\/span><\/a><\/span><\/p>\n","protected":false},"author":5,"featured_media":131,"comment_status":"open","ping_status":"open","sticky":false,"template":"","format":"standard","meta":{"om_disable_all_campaigns":false,"_monsterinsights_skip_tracking":false,"_monsterinsights_sitenote_active":false,"_monsterinsights_sitenote_note":"","_monsterinsights_sitenote_category":0,"footnotes":"","_links_to":"","_links_to_target":""},"categories":[2],"tags":[38,19],"class_list":["post-26","post","type-post","status-publish","format-standard","has-post-thumbnail","hentry","category-noticias","tag-ciudad-de-sao-paulo","tag-scielo-15-anos"],"aioseo_notices":[],"_links":{"self":[{"href":"https:\/\/blog.scielo.org\/es\/wp-json\/wp\/v2\/posts\/26","targetHints":{"allow":["GET"]}}],"collection":[{"href":"https:\/\/blog.scielo.org\/es\/wp-json\/wp\/v2\/posts"}],"about":[{"href":"https:\/\/blog.scielo.org\/es\/wp-json\/wp\/v2\/types\/post"}],"author":[{"embeddable":true,"href":"https:\/\/blog.scielo.org\/es\/wp-json\/wp\/v2\/users\/5"}],"replies":[{"embeddable":true,"href":"https:\/\/blog.scielo.org\/es\/wp-json\/wp\/v2\/comments?post=26"}],"version-history":[{"count":17,"href":"https:\/\/blog.scielo.org\/es\/wp-json\/wp\/v2\/posts\/26\/revisions"}],"predecessor-version":[{"id":1521,"href":"https:\/\/blog.scielo.org\/es\/wp-json\/wp\/v2\/posts\/26\/revisions\/1521"}],"wp:featuredmedia":[{"embeddable":true,"href":"https:\/\/blog.scielo.org\/es\/wp-json\/wp\/v2\/media\/131"}],"wp:attachment":[{"href":"https:\/\/blog.scielo.org\/es\/wp-json\/wp\/v2\/media?parent=26"}],"wp:term":[{"taxonomy":"category","embeddable":true,"href":"https:\/\/blog.scielo.org\/es\/wp-json\/wp\/v2\/categories?post=26"},{"taxonomy":"post_tag","embeddable":true,"href":"https:\/\/blog.scielo.org\/es\/wp-json\/wp\/v2\/tags?post=26"}],"curies":[{"name":"wp","href":"https:\/\/api.w.org\/{rel}","templated":true}]}}